{"id":566,"date":"2026-01-22T11:57:12","date_gmt":"2026-01-22T10:57:12","guid":{"rendered":"https:\/\/www.jacques-prevot.fr\/blog\/?p=566"},"modified":"2026-01-22T11:57:13","modified_gmt":"2026-01-22T10:57:13","slug":"transport-des-feux-dartifice-quelles-regles-et-quel-classement","status":"publish","type":"post","link":"https:\/\/www.jacques-prevot.fr\/blog\/transport-des-feux-dartifice-quelles-regles-et-quel-classement\/","title":{"rendered":"Transport des feux d\u2019artifice : quelles r\u00e8gles et quel classement ?"},"content":{"rendered":"\n<p>Le <strong>transport des feux d\u2019artifice<\/strong> est une activit\u00e9 strictement r\u00e9glement\u00e9e en raison des risques inh\u00e9rents aux articles pyrotechniques. Qu\u2019il s\u2019agisse de feux d\u2019artifice destin\u00e9s aux collectivit\u00e9s ou aux professionnels, aucun transport ne peut \u00eatre effectu\u00e9 sans un classement pr\u00e9alable conforme aux r\u00e8gles nationales et internationales relatives aux marchandises dangereuses. Ce classement conditionne l\u2019autorisation de transport et d\u00e9finit les mesures de s\u00e9curit\u00e9 \u00e0 appliquer tout au long de la cha\u00eene logistique.<\/p>\n\n\n<div class=\"wp-block-image\">\n<figure class=\"aligncenter size-full is-resized\"><a href=\"https:\/\/www.transdedie.fr\/transport-adr\/transporteur-de-matiere-dangereuse\" target=\"_blank\" rel=\" noreferrer noopener\"><img loading=\"lazy\" decoding=\"async\" width=\"904\" height=\"680\" src=\"https:\/\/www.jacques-prevot.fr\/blog\/wp-content\/uploads\/2026\/01\/Camion-transport-matieres-dangereuses.webp\" alt=\"Camion transport des feux d\u2019artifice\" class=\"wp-image-568\" style=\"aspect-ratio:1.3294426034917652;width:526px;height:auto\" srcset=\"https:\/\/www.jacques-prevot.fr\/blog\/wp-content\/uploads\/2026\/01\/Camion-transport-matieres-dangereuses.webp 904w, https:\/\/www.jacques-prevot.fr\/blog\/wp-content\/uploads\/2026\/01\/Camion-transport-matieres-dangereuses-300x226.webp 300w, https:\/\/www.jacques-prevot.fr\/blog\/wp-content\/uploads\/2026\/01\/Camion-transport-matieres-dangereuses-768x578.webp 768w\" sizes=\"auto, (max-width: 904px) 100vw, 904px\" \/><\/a><figcaption class=\"wp-element-caption\">Camion de transport mati\u00e8res dangereuses.<\/figcaption><\/figure>\n<\/div>\n\n\n<h2 class=\"wp-block-heading\">Le classement : une \u00e9tape indispensable au transport des feux d\u2019artifice<\/h2>\n\n\n\n<p>Avant toute op\u00e9ration de <strong>transport<\/strong>, les articles pyrotechniques doivent \u00eatre officiellement \u00ab\u00a0class\u00e9s au transport\u00a0\u00bb. Cette d\u00e9marche repose sur l\u2019attribution d\u2019un <a href=\"https:\/\/www.ecologie.gouv.fr\/sites\/default\/files\/documents\/liste_MD.pdf\">num\u00e9ro ONU<\/a> au produit, sur son affectation \u00e0 une <a href=\"https:\/\/www.legifrance.gouv.fr\/codes\/section_lc\/JORFTEXT000000647019\/LEGISCTA000006131264\/\">division de risque<\/a> et sur son rattachement \u00e0 un groupe de compatibilit\u00e9. Ces \u00e9l\u00e9ments permettent d\u2019identifier pr\u00e9cis\u00e9ment le niveau de danger pr\u00e9sent\u00e9 par l\u2019article pyrotechnique lors de son transport et d\u2019encadrer les conditions dans lesquelles il peut circuler.<\/p>\n\n\n\n<p>En France, l\u2019<a href=\"https:\/\/www.ineris.fr\/fr\">INERIS<\/a> est l\u2019unique organisme habilit\u00e9 \u00e0 approuver l\u2019affectation des artifices de divertissement aux divisions de risque dans le cadre du transport des feux d\u2019artifice. Cette comp\u00e9tence garantit une expertise technique reconnue et une application homog\u00e8ne de la r\u00e9glementation sur l\u2019ensemble du territoire national. Les produits \u00e0 usage militaire rel\u00e8vent quant \u00e0 eux d\u2019une proc\u00e9dure distincte, valid\u00e9e par l\u2019Inspection des poudres et explosifs (IPE).<\/p>\n\n\n<div class=\"wp-block-image\">\n<figure class=\"aligncenter size-full is-resized\"><img loading=\"lazy\" decoding=\"async\" width=\"904\" height=\"680\" src=\"https:\/\/www.jacques-prevot.fr\/blog\/wp-content\/uploads\/2026\/01\/Numero-ONU-sur-carton-artifices.webp\" alt=\"Num\u00e9ro ONU sur carton transport des feux d\u2019artifice\" class=\"wp-image-572\" style=\"aspect-ratio:1.3294426034917652;width:455px;height:auto\" srcset=\"https:\/\/www.jacques-prevot.fr\/blog\/wp-content\/uploads\/2026\/01\/Numero-ONU-sur-carton-artifices.webp 904w, https:\/\/www.jacques-prevot.fr\/blog\/wp-content\/uploads\/2026\/01\/Numero-ONU-sur-carton-artifices-300x226.webp 300w, https:\/\/www.jacques-prevot.fr\/blog\/wp-content\/uploads\/2026\/01\/Numero-ONU-sur-carton-artifices-768x578.webp 768w\" sizes=\"auto, (max-width: 904px) 100vw, 904px\" \/><figcaption class=\"wp-element-caption\">Num\u00e9ro ONU sur un carton d&rsquo;artifices.<\/figcaption><\/figure>\n<\/div>\n\n\n<div style=\"height:60px\" aria-hidden=\"true\" class=\"wp-block-spacer\"><\/div>\n\n\n\n<h2 class=\"wp-block-heading\">R\u00e9f\u00e9rentiels applicables selon la composition du colis<\/h2>\n\n\n\n<p>Le <strong>transport des feux d\u2019artifice<\/strong> ne s\u2019appr\u00e9cie pas uniquement \u00e0 l\u2019\u00e9chelle du produit, mais \u00e9galement \u00e0 celle du colis. Lorsque le colis contient des articles pyrotechniques de composition homog\u00e8ne, le classement repose sur le syst\u00e8me international de classement par d\u00e9faut d\u00e9fini par les recommandations de l\u2019ONU relatives au transport des marchandises dangereuses. Ce r\u00e9f\u00e9rentiel constitue la base r\u00e9glementaire de r\u00e9f\u00e9rence pour d\u00e9terminer la division de risque applicable.<\/p>\n\n\n\n<p>Dans le cadre du transport des feux d\u2019artifice, lorsqu\u2019un m\u00eame colis regroupe des articles relevant de plusieurs divisions de risque, la r\u00e9glementation pr\u00e9voit que la division la plus \u00e9lev\u00e9e soit retenue par d\u00e9faut, sauf indication contraire r\u00e9sultant des essais r\u00e9glementaires.<\/p>\n\n\n<div class=\"wp-block-image\">\n<figure class=\"aligncenter size-full is-resized\"><img loading=\"lazy\" decoding=\"async\" width=\"904\" height=\"680\" src=\"https:\/\/www.jacques-prevot.fr\/blog\/wp-content\/uploads\/2026\/01\/Classement-1.3G-artifices.webp\" alt=\"Classement 1.3G artifices\" class=\"wp-image-574\" style=\"aspect-ratio:1.3294426034917652;width:473px;height:auto\" srcset=\"https:\/\/www.jacques-prevot.fr\/blog\/wp-content\/uploads\/2026\/01\/Classement-1.3G-artifices.webp 904w, https:\/\/www.jacques-prevot.fr\/blog\/wp-content\/uploads\/2026\/01\/Classement-1.3G-artifices-300x226.webp 300w, https:\/\/www.jacques-prevot.fr\/blog\/wp-content\/uploads\/2026\/01\/Classement-1.3G-artifices-768x578.webp 768w\" sizes=\"auto, (max-width: 904px) 100vw, 904px\" \/><figcaption class=\"wp-element-caption\">\u00c9tiquette de classement 1.3G.<\/figcaption><\/figure>\n<\/div>\n\n\n<div style=\"height:58px\" aria-hidden=\"true\" class=\"wp-block-spacer\"><\/div>\n\n\n\n<h2 class=\"wp-block-heading\">La reconnaissance du classement dans le transport international<\/h2>\n\n\n\n<p>L\u2019autorit\u00e9 de L\u2019INERIS vaut sur le territoire national, mais tout classement attribu\u00e9 par un pays contractant \u00e0 l\u2019ADR vaut pour l\u2019op\u00e9ration de transport sur tout l\u2019espace ADR jusqu\u2019au 1er d\u00e9chargement dans un pays contractant. Le pays doit alors valider ce classement en cas de rechargement et pour toute nouvelle op\u00e9ration de transport.<\/p>\n\n\n\n<h2 class=\"wp-block-heading\">Le classement par d\u00e9faut des feux d\u2019artifice selon l\u2019ONU<\/h2>\n\n\n\n<p>Les recommandations de l\u2019ONU relatives au transport des marchandises dangereuses d\u00e9finissent un tableau de classement par d\u00e9faut applicable au <strong>transport des feux d\u2019artifice<\/strong>. Ce tableau prend en compte le type d\u2019artifice, sa conception, la pr\u00e9sence ou non d\u2019une charge propulsive, le diam\u00e8tre du produit ainsi que la nature des effets pyrotechniques recherch\u00e9s.<\/p>\n\n\n\n<p>La plupart des bombes d\u2019artifice de divertissement sph\u00e9riques ou cylindriques, con\u00e7ues pour \u00eatre tir\u00e9es depuis un mortier et r\u00e9pondant \u00e0 des crit\u00e8res pr\u00e9cis de composition et de dimensions, sont class\u00e9es <strong>en division 1.3G<\/strong> pour le transport. Une bombe de calibre sup\u00e9rieur \u00e0 300 mm va \u00eatre class\u00e9e <strong>en division<\/strong> <strong>1.1G<\/strong>. <\/p>\n\n\n<div class=\"wp-block-image\">\n<figure class=\"aligncenter size-large\"><img loading=\"lazy\" decoding=\"async\" width=\"1024\" height=\"198\" src=\"https:\/\/www.jacques-prevot.fr\/blog\/wp-content\/uploads\/2026\/01\/Tableau-classement-ONU-1024x198.jpg\" alt=\"Num\u00e9ro ONU artifices de divertissement\" class=\"wp-image-575\" srcset=\"https:\/\/www.jacques-prevot.fr\/blog\/wp-content\/uploads\/2026\/01\/Tableau-classement-ONU-1024x198.jpg 1024w, https:\/\/www.jacques-prevot.fr\/blog\/wp-content\/uploads\/2026\/01\/Tableau-classement-ONU-300x58.jpg 300w, https:\/\/www.jacques-prevot.fr\/blog\/wp-content\/uploads\/2026\/01\/Tableau-classement-ONU-768x149.jpg 768w, https:\/\/www.jacques-prevot.fr\/blog\/wp-content\/uploads\/2026\/01\/Tableau-classement-ONU.jpg 1044w\" sizes=\"auto, (max-width: 1024px) 100vw, 1024px\" \/><figcaption class=\"wp-element-caption\">Le num\u00e9ro ONU des classements d&rsquo;artifices.<\/figcaption><\/figure>\n<\/div>\n\n\n<h2 class=\"wp-block-heading\">Un cadre r\u00e9glementaire strict pour le transport des feux d\u2019artifice<\/h2>\n\n\n\n<p>Le <strong>transport des feux d\u2019artifice<\/strong> est encadr\u00e9 par plusieurs textes r\u00e9glementaires de r\u00e9f\u00e9rence. En France, il s\u2019appuie notamment sur l\u2019arr\u00eat\u00e9 relatif au transport de marchandises dangereuses par voies terrestres (arr\u00eat\u00e9 dit \u00ab TMD \u00bb), ainsi que sur l\u2019accord europ\u00e9en ADR r\u00e9gissant le transport international par route. Ces textes d\u00e9coulent directement des recommandations de l\u2019ONU et sont r\u00e9guli\u00e8rement mis \u00e0 jour afin de suivre l\u2019\u00e9volution des produits pyrotechniques et des pratiques professionnelles.<\/p>\n","protected":false},"excerpt":{"rendered":"<p>Le transport des feux d\u2019artifice est une activit\u00e9 strictement r\u00e9glement\u00e9e en raison des risques inh\u00e9rents aux articles pyrotechniques. Qu\u2019il s\u2019agisse de feux d\u2019artifice destin\u00e9s aux &hellip; <\/p>\n","protected":false},"author":1,"featured_media":571,"comment_status":"closed","ping_status":"closed","sticky":false,"template":"","format":"standard","meta":{"footnotes":""},"categories":[2],"tags":[],"class_list":["post-566","post","type-post","status-publish","format-standard","has-post-thumbnail","hentry","category-reglementation"],"yoast_head":"<!-- This site is optimized with the Yoast SEO plugin v27.4 - https:\/\/yoast.com\/product\/yoast-seo-wordpress\/ -->\n<title>Transport des feux d\u2019artifice : quelles r\u00e8gles et quel classement ? - L&#039;actualit\u00e9 du feu d&#039;artifice<\/title>\n<meta name=\"description\" content=\"Transport des feux d\u2019artifice : quelles r\u00e8gles et quel classement ? - R\u00e9glementation des feux d&#039;artifice - Le transport des feux d\u2019artifice est une activit\u00e9 strictement r\u00e9glement\u00e9e en raison des risques inh\u00e9rents aux articles pyrotechniques. Qu\u2019il s\u2019agisse de ...\" \/>\n<meta name=\"robots\" content=\"index, follow, max-snippet:-1, max-image-preview:large, max-video-preview:-1\" \/>\n<link rel=\"canonical\" href=\"https:\/\/www.jacques-prevot.fr\/blog\/transport-des-feux-dartifice-quelles-regles-et-quel-classement\/\" \/>\n<meta property=\"og:locale\" content=\"fr_FR\" \/>\n<meta property=\"og:type\" content=\"article\" \/>\n<meta property=\"og:title\" content=\"Transport des feux d\u2019artifice : quelles r\u00e8gles et quel classement ? - L&#039;actualit\u00e9 du feu d&#039;artifice\" \/>\n<meta property=\"og:description\" content=\"Transport des feux d\u2019artifice : quelles r\u00e8gles et quel classement ? - R\u00e9glementation des feux d&#039;artifice - Le transport des feux d\u2019artifice est une activit\u00e9 strictement r\u00e9glement\u00e9e en raison des risques inh\u00e9rents aux articles pyrotechniques. Qu\u2019il s\u2019agisse de ...\" \/>\n<meta property=\"og:url\" content=\"https:\/\/www.jacques-prevot.fr\/blog\/transport-des-feux-dartifice-quelles-regles-et-quel-classement\/\" \/>\n<meta property=\"og:site_name\" content=\"L&#039;actualit\u00e9 du feu d&#039;artifice\" \/>\n<meta property=\"article:publisher\" content=\"http:\/\/www.facebook.com\/pages\/SARL-Jacques-Prevot-Artifices\/450373535019880\" \/>\n<meta property=\"article:author\" content=\"https:\/\/www.facebook.com\/JPREVOTartifices\" \/>\n<meta property=\"article:published_time\" content=\"2026-01-22T10:57:12+00:00\" \/>\n<meta property=\"article:modified_time\" content=\"2026-01-22T10:57:13+00:00\" \/>\n<meta property=\"og:image\" content=\"https:\/\/www.jacques-prevot.fr\/blog\/wp-content\/uploads\/2026\/01\/Camion-transport-feu-dartifice.webp\" \/>\n\t<meta property=\"og:image:width\" content=\"904\" \/>\n\t<meta property=\"og:image:height\" content=\"680\" \/>\n\t<meta property=\"og:image:type\" content=\"image\/webp\" \/>\n<meta name=\"author\" content=\"Jacques Prevot Artifices\" \/>\n<meta name=\"twitter:card\" content=\"summary_large_image\" \/>\n<meta name=\"twitter:creator\" content=\"@PREVOTartifices\" \/>\n<meta name=\"twitter:label1\" content=\"\u00c9crit par\" \/>\n\t<meta name=\"twitter:data1\" content=\"Jacques Prevot Artifices\" \/>\n\t<meta name=\"twitter:label2\" content=\"Dur\u00e9e de lecture estim\u00e9e\" \/>\n\t<meta name=\"twitter:data2\" content=\"5 minutes\" \/>\n<script type=\"application\/ld+json\" class=\"yoast-schema-graph\">{\"@context\":\"https:\\\/\\\/schema.org\",\"@graph\":[{\"@type\":\"Article\",\"@id\":\"https:\\\/\\\/www.jacques-prevot.fr\\\/blog\\\/transport-des-feux-dartifice-quelles-regles-et-quel-classement\\\/#article\",\"isPartOf\":{\"@id\":\"https:\\\/\\\/www.jacques-prevot.fr\\\/blog\\\/transport-des-feux-dartifice-quelles-regles-et-quel-classement\\\/\"},\"author\":{\"name\":\"Jacques Prevot Artifices\",\"@id\":\"https:\\\/\\\/www.jacques-prevot.fr\\\/blog\\\/#\\\/schema\\\/person\\\/02a9762333c7069e0aaff9ce219be895\"},\"headline\":\"Transport des feux d\u2019artifice : quelles r\u00e8gles et quel classement ?\",\"datePublished\":\"2026-01-22T10:57:12+00:00\",\"dateModified\":\"2026-01-22T10:57:13+00:00\",\"mainEntityOfPage\":{\"@id\":\"https:\\\/\\\/www.jacques-prevot.fr\\\/blog\\\/transport-des-feux-dartifice-quelles-regles-et-quel-classement\\\/\"},\"wordCount\":717,\"publisher\":{\"@id\":\"https:\\\/\\\/www.jacques-prevot.fr\\\/blog\\\/#organization\"},\"image\":{\"@id\":\"https:\\\/\\\/www.jacques-prevot.fr\\\/blog\\\/transport-des-feux-dartifice-quelles-regles-et-quel-classement\\\/#primaryimage\"},\"thumbnailUrl\":\"https:\\\/\\\/www.jacques-prevot.fr\\\/blog\\\/wp-content\\\/uploads\\\/2026\\\/01\\\/Camion-transport-feu-dartifice.webp\",\"articleSection\":[\"R\u00e9glementation des feux d'artifice\"],\"inLanguage\":\"fr-FR\"},{\"@type\":\"WebPage\",\"@id\":\"https:\\\/\\\/www.jacques-prevot.fr\\\/blog\\\/transport-des-feux-dartifice-quelles-regles-et-quel-classement\\\/\",\"url\":\"https:\\\/\\\/www.jacques-prevot.fr\\\/blog\\\/transport-des-feux-dartifice-quelles-regles-et-quel-classement\\\/\",\"name\":\"Transport des feux d\u2019artifice : quelles r\u00e8gles et quel classement ? - L&#039;actualit\u00e9 du feu d&#039;artifice\",\"isPartOf\":{\"@id\":\"https:\\\/\\\/www.jacques-prevot.fr\\\/blog\\\/#website\"},\"primaryImageOfPage\":{\"@id\":\"https:\\\/\\\/www.jacques-prevot.fr\\\/blog\\\/transport-des-feux-dartifice-quelles-regles-et-quel-classement\\\/#primaryimage\"},\"image\":{\"@id\":\"https:\\\/\\\/www.jacques-prevot.fr\\\/blog\\\/transport-des-feux-dartifice-quelles-regles-et-quel-classement\\\/#primaryimage\"},\"thumbnailUrl\":\"https:\\\/\\\/www.jacques-prevot.fr\\\/blog\\\/wp-content\\\/uploads\\\/2026\\\/01\\\/Camion-transport-feu-dartifice.webp\",\"datePublished\":\"2026-01-22T10:57:12+00:00\",\"dateModified\":\"2026-01-22T10:57:13+00:00\",\"description\":\"Transport des feux d\u2019artifice : quelles r\u00e8gles et quel classement ? - R\u00e9glementation des feux d'artifice - Le transport des feux d\u2019artifice est une activit\u00e9 strictement r\u00e9glement\u00e9e en raison des risques inh\u00e9rents aux articles pyrotechniques. Qu\u2019il s\u2019agisse de ...\",\"breadcrumb\":{\"@id\":\"https:\\\/\\\/www.jacques-prevot.fr\\\/blog\\\/transport-des-feux-dartifice-quelles-regles-et-quel-classement\\\/#breadcrumb\"},\"inLanguage\":\"fr-FR\",\"potentialAction\":[{\"@type\":\"ReadAction\",\"target\":[\"https:\\\/\\\/www.jacques-prevot.fr\\\/blog\\\/transport-des-feux-dartifice-quelles-regles-et-quel-classement\\\/\"]}]},{\"@type\":\"ImageObject\",\"inLanguage\":\"fr-FR\",\"@id\":\"https:\\\/\\\/www.jacques-prevot.fr\\\/blog\\\/transport-des-feux-dartifice-quelles-regles-et-quel-classement\\\/#primaryimage\",\"url\":\"https:\\\/\\\/www.jacques-prevot.fr\\\/blog\\\/wp-content\\\/uploads\\\/2026\\\/01\\\/Camion-transport-feu-dartifice.webp\",\"contentUrl\":\"https:\\\/\\\/www.jacques-prevot.fr\\\/blog\\\/wp-content\\\/uploads\\\/2026\\\/01\\\/Camion-transport-feu-dartifice.webp\",\"width\":904,\"height\":680,\"caption\":\"Camion transport feu d'artifice\"},{\"@type\":\"BreadcrumbList\",\"@id\":\"https:\\\/\\\/www.jacques-prevot.fr\\\/blog\\\/transport-des-feux-dartifice-quelles-regles-et-quel-classement\\\/#breadcrumb\",\"itemListElement\":[{\"@type\":\"ListItem\",\"position\":1,\"name\":\"Accueil\",\"item\":\"https:\\\/\\\/www.jacques-prevot.fr\\\/blog\\\/\"},{\"@type\":\"ListItem\",\"position\":2,\"name\":\"Transport des feux d\u2019artifice : quelles r\u00e8gles et quel classement ?\"}]},{\"@type\":\"WebSite\",\"@id\":\"https:\\\/\\\/www.jacques-prevot.fr\\\/blog\\\/#website\",\"url\":\"https:\\\/\\\/www.jacques-prevot.fr\\\/blog\\\/\",\"name\":\"L'actualit\u00e9 du feu d'artifice\",\"description\":\"Comprendre la pyrotechnie par Jacques PREVOT Artifices\",\"publisher\":{\"@id\":\"https:\\\/\\\/www.jacques-prevot.fr\\\/blog\\\/#organization\"},\"potentialAction\":[{\"@type\":\"SearchAction\",\"target\":{\"@type\":\"EntryPoint\",\"urlTemplate\":\"https:\\\/\\\/www.jacques-prevot.fr\\\/blog\\\/?s={search_term_string}\"},\"query-input\":{\"@type\":\"PropertyValueSpecification\",\"valueRequired\":true,\"valueName\":\"search_term_string\"}}],\"inLanguage\":\"fr-FR\"},{\"@type\":\"Organization\",\"@id\":\"https:\\\/\\\/www.jacques-prevot.fr\\\/blog\\\/#organization\",\"name\":\"L'actualit\u00e9 du feu d'artifice\",\"url\":\"https:\\\/\\\/www.jacques-prevot.fr\\\/blog\\\/\",\"logo\":{\"@type\":\"ImageObject\",\"inLanguage\":\"fr-FR\",\"@id\":\"https:\\\/\\\/www.jacques-prevot.fr\\\/blog\\\/#\\\/schema\\\/logo\\\/image\\\/\",\"url\":\"https:\\\/\\\/www.jacques-prevot.fr\\\/blog\\\/wp-content\\\/uploads\\\/2019\\\/12\\\/cropped-cropped-logo-PREVOT-noir-et-blanc.png\",\"contentUrl\":\"https:\\\/\\\/www.jacques-prevot.fr\\\/blog\\\/wp-content\\\/uploads\\\/2019\\\/12\\\/cropped-cropped-logo-PREVOT-noir-et-blanc.png\",\"width\":879,\"height\":250,\"caption\":\"L'actualit\u00e9 du feu d'artifice\"},\"image\":{\"@id\":\"https:\\\/\\\/www.jacques-prevot.fr\\\/blog\\\/#\\\/schema\\\/logo\\\/image\\\/\"},\"sameAs\":[\"http:\\\/\\\/www.facebook.com\\\/pages\\\/SARL-Jacques-Prevot-Artifices\\\/450373535019880\",\"https:\\\/\\\/www.instagram.com\\\/jacques_prevot_artifices\\\/\",\"https:\\\/\\\/www.youtube.com\\\/@JPREVOTartifices\"]},{\"@type\":\"Person\",\"@id\":\"https:\\\/\\\/www.jacques-prevot.fr\\\/blog\\\/#\\\/schema\\\/person\\\/02a9762333c7069e0aaff9ce219be895\",\"name\":\"Jacques Prevot Artifices\",\"image\":{\"@type\":\"ImageObject\",\"inLanguage\":\"fr-FR\",\"@id\":\"https:\\\/\\\/secure.gravatar.com\\\/avatar\\\/0e0e20203ce85d1f516a982e48e434e80e62803f479ca72917ef3a8f68e19efd?s=96&d=mm&r=g\",\"url\":\"https:\\\/\\\/secure.gravatar.com\\\/avatar\\\/0e0e20203ce85d1f516a982e48e434e80e62803f479ca72917ef3a8f68e19efd?s=96&d=mm&r=g\",\"contentUrl\":\"https:\\\/\\\/secure.gravatar.com\\\/avatar\\\/0e0e20203ce85d1f516a982e48e434e80e62803f479ca72917ef3a8f68e19efd?s=96&d=mm&r=g\",\"caption\":\"Jacques Prevot Artifices\"},\"description\":\"JACQUES PREVOT ARTIFICES commercialise des feux d'artifices pour particuliers, collectivit\u00e9s, associations et professionnels des artifices de divertissements. Fort de 28 ann\u00e9es d'exp\u00e9rience, l'entreprise familiale dirig\u00e9 par le famille PREVOT est install\u00e9e en Haute Marne \u00e0 Sarrey. Jacques PREVOT Artifices est le premier site web de vente en ligne de feux d'artifices en France. Depuis 2012, l'entreprise est devenue organisme de formation et forme \u00e0 ce titre plus de 100 artificiers par an au certificat d'artificier F4T2. Diffusant sa marque partout en m\u00e9tropole, Jacques PREVOT Artifices ma\u00eetrise la cha\u00eene logistique complexe des artifices de divertissements : de leurs dessins \u00e0 Sarrey \u00e0 la fabrication en Chine, en passant par le stockage sur sites sp\u00e9cialis\u00e9s.\",\"sameAs\":[\"https:\\\/\\\/www.jacques-prevot.fr\\\/\",\"https:\\\/\\\/www.facebook.com\\\/JPREVOTartifices\",\"https:\\\/\\\/x.com\\\/PREVOTartifices\"]}]}<\/script>\n<!-- \/ Yoast SEO plugin. -->","yoast_head_json":{"title":"Transport des feux d\u2019artifice : quelles r\u00e8gles et quel classement ? - L&#039;actualit\u00e9 du feu d&#039;artifice","description":"Transport des feux d\u2019artifice : quelles r\u00e8gles et quel classement ? - R\u00e9glementation des feux d'artifice - Le transport des feux d\u2019artifice est une activit\u00e9 strictement r\u00e9glement\u00e9e en raison des risques inh\u00e9rents aux articles pyrotechniques. Qu\u2019il s\u2019agisse de ...","robots":{"index":"index","follow":"follow","max-snippet":"max-snippet:-1","max-image-preview":"max-image-preview:large","max-video-preview":"max-video-preview:-1"},"canonical":"https:\/\/www.jacques-prevot.fr\/blog\/transport-des-feux-dartifice-quelles-regles-et-quel-classement\/","og_locale":"fr_FR","og_type":"article","og_title":"Transport des feux d\u2019artifice : quelles r\u00e8gles et quel classement ? - L&#039;actualit\u00e9 du feu d&#039;artifice","og_description":"Transport des feux d\u2019artifice : quelles r\u00e8gles et quel classement ? - R\u00e9glementation des feux d'artifice - Le transport des feux d\u2019artifice est une activit\u00e9 strictement r\u00e9glement\u00e9e en raison des risques inh\u00e9rents aux articles pyrotechniques. Qu\u2019il s\u2019agisse de ...","og_url":"https:\/\/www.jacques-prevot.fr\/blog\/transport-des-feux-dartifice-quelles-regles-et-quel-classement\/","og_site_name":"L&#039;actualit\u00e9 du feu d&#039;artifice","article_publisher":"http:\/\/www.facebook.com\/pages\/SARL-Jacques-Prevot-Artifices\/450373535019880","article_author":"https:\/\/www.facebook.com\/JPREVOTartifices","article_published_time":"2026-01-22T10:57:12+00:00","article_modified_time":"2026-01-22T10:57:13+00:00","og_image":[{"width":904,"height":680,"url":"https:\/\/www.jacques-prevot.fr\/blog\/wp-content\/uploads\/2026\/01\/Camion-transport-feu-dartifice.webp","type":"image\/webp"}],"author":"Jacques Prevot Artifices","twitter_card":"summary_large_image","twitter_creator":"@PREVOTartifices","twitter_misc":{"\u00c9crit par":"Jacques Prevot Artifices","Dur\u00e9e de lecture estim\u00e9e":"5 minutes"},"schema":{"@context":"https:\/\/schema.org","@graph":[{"@type":"Article","@id":"https:\/\/www.jacques-prevot.fr\/blog\/transport-des-feux-dartifice-quelles-regles-et-quel-classement\/#article","isPartOf":{"@id":"https:\/\/www.jacques-prevot.fr\/blog\/transport-des-feux-dartifice-quelles-regles-et-quel-classement\/"},"author":{"name":"Jacques Prevot Artifices","@id":"https:\/\/www.jacques-prevot.fr\/blog\/#\/schema\/person\/02a9762333c7069e0aaff9ce219be895"},"headline":"Transport des feux d\u2019artifice : quelles r\u00e8gles et quel classement ?","datePublished":"2026-01-22T10:57:12+00:00","dateModified":"2026-01-22T10:57:13+00:00","mainEntityOfPage":{"@id":"https:\/\/www.jacques-prevot.fr\/blog\/transport-des-feux-dartifice-quelles-regles-et-quel-classement\/"},"wordCount":717,"publisher":{"@id":"https:\/\/www.jacques-prevot.fr\/blog\/#organization"},"image":{"@id":"https:\/\/www.jacques-prevot.fr\/blog\/transport-des-feux-dartifice-quelles-regles-et-quel-classement\/#primaryimage"},"thumbnailUrl":"https:\/\/www.jacques-prevot.fr\/blog\/wp-content\/uploads\/2026\/01\/Camion-transport-feu-dartifice.webp","articleSection":["R\u00e9glementation des feux d'artifice"],"inLanguage":"fr-FR"},{"@type":"WebPage","@id":"https:\/\/www.jacques-prevot.fr\/blog\/transport-des-feux-dartifice-quelles-regles-et-quel-classement\/","url":"https:\/\/www.jacques-prevot.fr\/blog\/transport-des-feux-dartifice-quelles-regles-et-quel-classement\/","name":"Transport des feux d\u2019artifice : quelles r\u00e8gles et quel classement ? - L&#039;actualit\u00e9 du feu d&#039;artifice","isPartOf":{"@id":"https:\/\/www.jacques-prevot.fr\/blog\/#website"},"primaryImageOfPage":{"@id":"https:\/\/www.jacques-prevot.fr\/blog\/transport-des-feux-dartifice-quelles-regles-et-quel-classement\/#primaryimage"},"image":{"@id":"https:\/\/www.jacques-prevot.fr\/blog\/transport-des-feux-dartifice-quelles-regles-et-quel-classement\/#primaryimage"},"thumbnailUrl":"https:\/\/www.jacques-prevot.fr\/blog\/wp-content\/uploads\/2026\/01\/Camion-transport-feu-dartifice.webp","datePublished":"2026-01-22T10:57:12+00:00","dateModified":"2026-01-22T10:57:13+00:00","description":"Transport des feux d\u2019artifice : quelles r\u00e8gles et quel classement ? - R\u00e9glementation des feux d'artifice - Le transport des feux d\u2019artifice est une activit\u00e9 strictement r\u00e9glement\u00e9e en raison des risques inh\u00e9rents aux articles pyrotechniques. Qu\u2019il s\u2019agisse de ...","breadcrumb":{"@id":"https:\/\/www.jacques-prevot.fr\/blog\/transport-des-feux-dartifice-quelles-regles-et-quel-classement\/#breadcrumb"},"inLanguage":"fr-FR","potentialAction":[{"@type":"ReadAction","target":["https:\/\/www.jacques-prevot.fr\/blog\/transport-des-feux-dartifice-quelles-regles-et-quel-classement\/"]}]},{"@type":"ImageObject","inLanguage":"fr-FR","@id":"https:\/\/www.jacques-prevot.fr\/blog\/transport-des-feux-dartifice-quelles-regles-et-quel-classement\/#primaryimage","url":"https:\/\/www.jacques-prevot.fr\/blog\/wp-content\/uploads\/2026\/01\/Camion-transport-feu-dartifice.webp","contentUrl":"https:\/\/www.jacques-prevot.fr\/blog\/wp-content\/uploads\/2026\/01\/Camion-transport-feu-dartifice.webp","width":904,"height":680,"caption":"Camion transport feu d'artifice"},{"@type":"BreadcrumbList","@id":"https:\/\/www.jacques-prevot.fr\/blog\/transport-des-feux-dartifice-quelles-regles-et-quel-classement\/#breadcrumb","itemListElement":[{"@type":"ListItem","position":1,"name":"Accueil","item":"https:\/\/www.jacques-prevot.fr\/blog\/"},{"@type":"ListItem","position":2,"name":"Transport des feux d\u2019artifice : quelles r\u00e8gles et quel classement ?"}]},{"@type":"WebSite","@id":"https:\/\/www.jacques-prevot.fr\/blog\/#website","url":"https:\/\/www.jacques-prevot.fr\/blog\/","name":"L'actualit\u00e9 du feu d'artifice","description":"Comprendre la pyrotechnie par Jacques PREVOT Artifices","publisher":{"@id":"https:\/\/www.jacques-prevot.fr\/blog\/#organization"},"potentialAction":[{"@type":"SearchAction","target":{"@type":"EntryPoint","urlTemplate":"https:\/\/www.jacques-prevot.fr\/blog\/?s={search_term_string}"},"query-input":{"@type":"PropertyValueSpecification","valueRequired":true,"valueName":"search_term_string"}}],"inLanguage":"fr-FR"},{"@type":"Organization","@id":"https:\/\/www.jacques-prevot.fr\/blog\/#organization","name":"L'actualit\u00e9 du feu d'artifice","url":"https:\/\/www.jacques-prevot.fr\/blog\/","logo":{"@type":"ImageObject","inLanguage":"fr-FR","@id":"https:\/\/www.jacques-prevot.fr\/blog\/#\/schema\/logo\/image\/","url":"https:\/\/www.jacques-prevot.fr\/blog\/wp-content\/uploads\/2019\/12\/cropped-cropped-logo-PREVOT-noir-et-blanc.png","contentUrl":"https:\/\/www.jacques-prevot.fr\/blog\/wp-content\/uploads\/2019\/12\/cropped-cropped-logo-PREVOT-noir-et-blanc.png","width":879,"height":250,"caption":"L'actualit\u00e9 du feu d'artifice"},"image":{"@id":"https:\/\/www.jacques-prevot.fr\/blog\/#\/schema\/logo\/image\/"},"sameAs":["http:\/\/www.facebook.com\/pages\/SARL-Jacques-Prevot-Artifices\/450373535019880","https:\/\/www.instagram.com\/jacques_prevot_artifices\/","https:\/\/www.youtube.com\/@JPREVOTartifices"]},{"@type":"Person","@id":"https:\/\/www.jacques-prevot.fr\/blog\/#\/schema\/person\/02a9762333c7069e0aaff9ce219be895","name":"Jacques Prevot Artifices","image":{"@type":"ImageObject","inLanguage":"fr-FR","@id":"https:\/\/secure.gravatar.com\/avatar\/0e0e20203ce85d1f516a982e48e434e80e62803f479ca72917ef3a8f68e19efd?s=96&d=mm&r=g","url":"https:\/\/secure.gravatar.com\/avatar\/0e0e20203ce85d1f516a982e48e434e80e62803f479ca72917ef3a8f68e19efd?s=96&d=mm&r=g","contentUrl":"https:\/\/secure.gravatar.com\/avatar\/0e0e20203ce85d1f516a982e48e434e80e62803f479ca72917ef3a8f68e19efd?s=96&d=mm&r=g","caption":"Jacques Prevot Artifices"},"description":"JACQUES PREVOT ARTIFICES commercialise des feux d'artifices pour particuliers, collectivit\u00e9s, associations et professionnels des artifices de divertissements. Fort de 28 ann\u00e9es d'exp\u00e9rience, l'entreprise familiale dirig\u00e9 par le famille PREVOT est install\u00e9e en Haute Marne \u00e0 Sarrey. Jacques PREVOT Artifices est le premier site web de vente en ligne de feux d'artifices en France. Depuis 2012, l'entreprise est devenue organisme de formation et forme \u00e0 ce titre plus de 100 artificiers par an au certificat d'artificier F4T2. Diffusant sa marque partout en m\u00e9tropole, Jacques PREVOT Artifices ma\u00eetrise la cha\u00eene logistique complexe des artifices de divertissements : de leurs dessins \u00e0 Sarrey \u00e0 la fabrication en Chine, en passant par le stockage sur sites sp\u00e9cialis\u00e9s.","sameAs":["https:\/\/www.jacques-prevot.fr\/","https:\/\/www.facebook.com\/JPREVOTartifices","https:\/\/x.com\/PREVOTartifices"]}]}},"_links":{"self":[{"href":"https:\/\/www.jacques-prevot.fr\/blog\/wp-json\/wp\/v2\/posts\/566","targetHints":{"allow":["GET"]}}],"collection":[{"href":"https:\/\/www.jacques-prevot.fr\/blog\/wp-json\/wp\/v2\/posts"}],"about":[{"href":"https:\/\/www.jacques-prevot.fr\/blog\/wp-json\/wp\/v2\/types\/post"}],"author":[{"embeddable":true,"href":"https:\/\/www.jacques-prevot.fr\/blog\/wp-json\/wp\/v2\/users\/1"}],"replies":[{"embeddable":true,"href":"https:\/\/www.jacques-prevot.fr\/blog\/wp-json\/wp\/v2\/comments?post=566"}],"version-history":[{"count":6,"href":"https:\/\/www.jacques-prevot.fr\/blog\/wp-json\/wp\/v2\/posts\/566\/revisions"}],"predecessor-version":[{"id":577,"href":"https:\/\/www.jacques-prevot.fr\/blog\/wp-json\/wp\/v2\/posts\/566\/revisions\/577"}],"wp:featuredmedia":[{"embeddable":true,"href":"https:\/\/www.jacques-prevot.fr\/blog\/wp-json\/wp\/v2\/media\/571"}],"wp:attachment":[{"href":"https:\/\/www.jacques-prevot.fr\/blog\/wp-json\/wp\/v2\/media?parent=566"}],"wp:term":[{"taxonomy":"category","embeddable":true,"href":"https:\/\/www.jacques-prevot.fr\/blog\/wp-json\/wp\/v2\/categories?post=566"},{"taxonomy":"post_tag","embeddable":true,"href":"https:\/\/www.jacques-prevot.fr\/blog\/wp-json\/wp\/v2\/tags?post=566"}],"curies":[{"name":"wp","href":"https:\/\/api.w.org\/{rel}","templated":true}]}}