{"id":495,"date":"2026-01-19T18:45:04","date_gmt":"2026-01-19T17:45:04","guid":{"rendered":"https:\/\/www.jacques-prevot.fr\/blog\/?p=495"},"modified":"2026-01-20T08:46:07","modified_gmt":"2026-01-20T07:46:07","slug":"feu-dartifice-14-juillet","status":"publish","type":"post","link":"https:\/\/www.jacques-prevot.fr\/blog\/feu-dartifice-14-juillet\/","title":{"rendered":"Pourquoi tirer un feu d&rsquo;artifice le 14 juillet 2026 ?"},"content":{"rendered":"\n<p>Chaque ann\u00e9e, la <strong>F\u00eate nationale fran\u00e7aise<\/strong>, c\u00e9l\u00e9br\u00e9e le <strong>14 juillet<\/strong>, est l\u2019occasion d\u2019un moment fort et spectaculaire : le feu d\u2019artifice. Cette tradition, profond\u00e9ment ancr\u00e9e dans la culture fran\u00e7aise, est devenue l\u2019un des symboles les plus attendus de la journ\u00e9e.<\/p>\n\n\n\n<p>La date du 14 juillet comm\u00e9more \u00e0 la fois la <strong><a href=\"https:\/\/fr.wikipedia.org\/wiki\/Prise_de_la_Bastille\">prise de la Bastille en 1789<\/a><\/strong>, un \u00e9v\u00e9nement majeur de la R\u00e9volution fran\u00e7aise, et la <strong><a href=\"https:\/\/fr.wikipedia.org\/wiki\/F%C3%AAte_de_la_F%C3%A9d%C3%A9ration\">F\u00eate de la F\u00e9d\u00e9ration en 1790<\/a><\/strong>, symbole de l\u2019unit\u00e9 nationale et de la fraternit\u00e9 entre les citoyens. Ces c\u00e9l\u00e9brations ont progressivement donn\u00e9 lieu \u00e0 des festivit\u00e9s populaires incluant bals, d\u00e9fil\u00e9s et, bien s\u00fbr,<strong> feu d\u2019artifice 14 juillet<\/strong>.<\/p>\n\n\n\n<p><\/p>\n\n\n\n<h2 class=\"wp-block-heading\">O\u00f9 voir le plus beau feu d\u2019artifice 14 juillet en France ?<\/h2>\n\n\n\n<p>Partout en France, les communes tirent leur feu d\u2019artifice pour c\u00e9l\u00e9brer le 14 juillet. Certaines villes sont particuli\u00e8rement c\u00e9l\u00e8bres pour leur mise en sc\u00e8ne pyrotechnique.<\/p>\n\n\n<div class=\"wp-block-image\">\n<figure class=\"aligncenter size-full is-resized\"><img loading=\"lazy\" decoding=\"async\" width=\"904\" height=\"680\" src=\"https:\/\/www.jacques-prevot.fr\/blog\/wp-content\/uploads\/2026\/01\/Feu-dartifice-Besancon-par-Nicolas-Groffal.webp\" alt=\"Feu d'artifice Besan\u00e7on par Nicolas Groffal\" class=\"wp-image-509\" style=\"aspect-ratio:1.3294426034917652;width:614px;height:auto\" srcset=\"https:\/\/www.jacques-prevot.fr\/blog\/wp-content\/uploads\/2026\/01\/Feu-dartifice-Besancon-par-Nicolas-Groffal.webp 904w, https:\/\/www.jacques-prevot.fr\/blog\/wp-content\/uploads\/2026\/01\/Feu-dartifice-Besancon-par-Nicolas-Groffal-300x226.webp 300w, https:\/\/www.jacques-prevot.fr\/blog\/wp-content\/uploads\/2026\/01\/Feu-dartifice-Besancon-par-Nicolas-Groffal-768x578.webp 768w\" sizes=\"auto, (max-width: 904px) 100vw, 904px\" \/><figcaption class=\"wp-element-caption\">Feu d&rsquo;artifice \u00e0 Besan\u00e7on. Cr\u00e9dit : Nicolas Groffal<\/figcaption><\/figure>\n<\/div>\n\n\n<div style=\"height:47px\" aria-hidden=\"true\" class=\"wp-block-spacer\"><\/div>\n\n\n\n<p>\u2022 \u00c0 <strong>Paris<\/strong>, le feu d\u2019artifice du 14 juillet figure parmi les plus embl\u00e9matiques. Tir\u00e9 depuis le Champ-de-Mars avec la Tour Eiffel en toile de fond, il rassemble chaque ann\u00e9e un public tr\u00e8s nombreux venu admirer un spectacle grand format au c\u0153ur de la capitale.<br><\/p>\n\n\n\n<p>\u2022 Sur la c\u00f4te basque, <strong>Biarritz<\/strong> propose un feu d\u2019artifice appr\u00e9ci\u00e9 pour son atmosph\u00e8re festive et estivale. Le spectacle, lanc\u00e9 en soir\u00e9e depuis le front de mer face \u00e0 la Grande Plage, d\u00e9bute g\u00e9n\u00e9ralement autour de 23 heures et attire aussi bien les habitants que les visiteurs de passage.<br><\/p>\n\n\n\n<p>\u2022 Plus au sud, <strong>Cannes<\/strong> offre un cadre particuli\u00e8rement spectaculaire pour le 14 juillet. La baie se transforme en sc\u00e8ne \u00e0 ciel ouvert, o\u00f9 le feu d\u2019artifice b\u00e9n\u00e9ficie d\u2019un environnement maritime exceptionnel et de l\u2019expertise acquise gr\u00e2ce aux \u00e9v\u00e9nements pyrotechniques internationaux organis\u00e9s chaque \u00e9t\u00e9.<br><\/p>\n\n\n\n<p>\u2022 Enfin, <strong>Carcassonne<\/strong> est c\u00e9l\u00e8bre pour son feu d\u2019artifice d\u2019envergure, souvent cit\u00e9 parmi les plus impressionnants de France. L\u2019embrasement de la Cit\u00e9, tir\u00e9 depuis la cit\u00e9 m\u00e9di\u00e9vale class\u00e9e au patrimoine mondial, propose une mise en sc\u00e8ne monumentale qui sublime les remparts et les tours dans un spectacle visuel particuli\u00e8rement marquant.<\/p>\n\n\n\n<p><\/p>\n\n\n\n<h2 class=\"wp-block-heading\">Pourquoi tire-t-on des feux d\u2019artifice le 14 juillet ?<\/h2>\n\n\n\n<p>Le feu d\u2019artifice du 14 juillet s\u2019inscrit dans une longue tradition festive. S\u2019il est aujourd\u2019hui un incontournable de la F\u00eate nationale, c\u2019est parce qu\u2019il repr\u00e9sente \u00e0 la fois la joie populaire et le rassemblement autour de valeurs communes.<\/p>\n\n\n\n<p>\u00c0 l\u2019origine, les feux d\u2019artifice \u00e9taient des spectacles associ\u00e9s aux grandes occasions royales ou militaires. Au fil du temps, ils ont \u00e9volu\u00e9 pour devenir un moyen de c\u00e9l\u00e9brer l\u2019unit\u00e9 et la libert\u00e9 du peuple fran\u00e7ais. Qu\u2019ils soient tir\u00e9s depuis la Tour Eiffel ou dans un petit village, cela symbolise la libert\u00e9 retrouv\u00e9e et le partage d\u2019un moment de f\u00eate entre g\u00e9n\u00e9rations.<\/p>\n\n\n\n<p><\/p>\n\n\n\n<h2 class=\"wp-block-heading\">Quel feu d&rsquo;artifice choisir pour la f\u00eate 14 juillet ?<\/h2>\n\n\n\n<p>Selon la taille de l\u2019\u00e9v\u00e9nement, le budget et les contraintes de tir, certains produits se distinguent particuli\u00e8rement. Sur le site <strong><a href=\"https:\/\/www.jacques-prevot.fr\/\">Jacques PREVOT Artifices<\/a><\/strong>, une large gamme d\u2019artifices est propos\u00e9e, sp\u00e9cialement adapt\u00e9e \u00e0 la F\u00eate nationale, allant de solutions simples pour les particuliers \u00e0 des grands spectacles pour les collectivit\u00e9s. <\/p>\n\n\n\n<h3 class=\"wp-block-heading\">Feu automatique<\/h3>\n\n\n\n<p>Pour une c\u00e9l\u00e9bration n\u00e9cessitant un spectacle pyrotechnique simple, les <strong><a href=\"https:\/\/www.jacques-prevot.fr\/feux-d-artifice-automatique.html\">feux d\u2019artifice automatiques<\/a><\/strong> constituent une excellente option. Ils ne demandent qu\u2019un seul allumage. Par exemple, le <strong><a href=\"https:\/\/www.jacques-prevot.fr\/feux-d-artifice-automatique\/boite-feu-d-artifice-3-minutes-jacques-prevot.html\">Feu automatique 3 minutes V\u00e9nus<\/a><\/strong> est un feu dynamique qui d\u00e9livre une s\u00e9quence de tirs continus pendant environ 3 minutes, avec des effets lumineux vari\u00e9s et intenses, capables de capter l\u2019attention du public du d\u00e9but \u00e0 la fin.<\/p>\n\n\n<div class=\"wp-block-image\">\n<figure class=\"aligncenter size-full is-resized\"><a href=\"https:\/\/www.jacques-prevot.fr\/feux-d-artifice-automatique\/boite-feu-d-artifice-3-minutes-jacques-prevot.html\"><img loading=\"lazy\" decoding=\"async\" width=\"500\" height=\"500\" src=\"https:\/\/www.jacques-prevot.fr\/blog\/wp-content\/uploads\/2026\/01\/Feu-dartifice-3-minutes-VENUS-prevot.webp\" alt=\"feu d'artifice 3 minutes PREVOT\" class=\"wp-image-496\" style=\"width:342px;height:auto\" srcset=\"https:\/\/www.jacques-prevot.fr\/blog\/wp-content\/uploads\/2026\/01\/Feu-dartifice-3-minutes-VENUS-prevot.webp 500w, https:\/\/www.jacques-prevot.fr\/blog\/wp-content\/uploads\/2026\/01\/Feu-dartifice-3-minutes-VENUS-prevot-300x300.webp 300w, https:\/\/www.jacques-prevot.fr\/blog\/wp-content\/uploads\/2026\/01\/Feu-dartifice-3-minutes-VENUS-prevot-150x150.webp 150w\" sizes=\"auto, (max-width: 500px) 100vw, 500px\" \/><\/a><\/figure>\n<\/div>\n\n\n<h3 class=\"wp-block-heading\">Feu semi-automatique<\/h3>\n\n\n\n<p>Les <strong><a href=\"https:\/\/www.jacques-prevot.fr\/feux-d-artifice-semi-automatique.html\">feux semi-automatiques<\/a><\/strong> constituent une autre option int\u00e9ressante pour le 14 juillet, en particulier lorsqu\u2019on souhaite un spectacle plus long ou un encha\u00eenement d\u2019effets plus diversifi\u00e9. Un feu semi-automatique requiert une petite pr\u00e9paration, vous installez vous-m\u00eame les pinces d&rsquo;allumage \u00e9lectrique sur les m\u00e8ches. Un bon exemple est le <a href=\"https:\/\/www.jacques-prevot.fr\/feux-d-artifice-semi-automatique\/feu-d-artifice-semi-automatique-dix-sur-dix---10-minutes.html\"><strong>Semi-automatique Dix sur Dix &#8211; 10 minutes<\/strong><\/a>, qui offre une dur\u00e9e de spectacle plus longue avec des effets vari\u00e9s.<\/p>\n\n\n<div class=\"wp-block-image\">\n<figure class=\"aligncenter size-full is-resized\"><a href=\"https:\/\/www.jacques-prevot.fr\/feux-d-artifice-semi-automatique\/feu-d-artifice-semi-automatique-dix-sur-dix---10-minutes.html\"><img loading=\"lazy\" decoding=\"async\" width=\"500\" height=\"500\" src=\"https:\/\/www.jacques-prevot.fr\/blog\/wp-content\/uploads\/2026\/01\/feu-dartifice-10-minutes.webp\" alt=\"\" class=\"wp-image-499\" style=\"width:402px;height:auto\" srcset=\"https:\/\/www.jacques-prevot.fr\/blog\/wp-content\/uploads\/2026\/01\/feu-dartifice-10-minutes.webp 500w, https:\/\/www.jacques-prevot.fr\/blog\/wp-content\/uploads\/2026\/01\/feu-dartifice-10-minutes-300x300.webp 300w, https:\/\/www.jacques-prevot.fr\/blog\/wp-content\/uploads\/2026\/01\/feu-dartifice-10-minutes-150x150.webp 150w\" sizes=\"auto, (max-width: 500px) 100vw, 500px\" \/><\/a><\/figure>\n<\/div>\n\n\n<div class=\"wp-block-buttons is-content-justification-center is-layout-flex wp-container-core-buttons-is-layout-16018d1d wp-block-buttons-is-layout-flex\">\n<div class=\"wp-block-button\"><a class=\"wp-block-button__link has-white-color has-text-color has-link-color wp-element-button\" href=\"https:\/\/www.jacques-prevot.fr\/\">Choisir un autre feu d&rsquo;artifice<\/a><\/div>\n<\/div>\n","protected":false},"excerpt":{"rendered":"<p>Chaque ann\u00e9e, la F\u00eate nationale fran\u00e7aise, c\u00e9l\u00e9br\u00e9e le 14 juillet, est l\u2019occasion d\u2019un moment fort et spectaculaire : le feu d\u2019artifice. Cette tradition, profond\u00e9ment ancr\u00e9e &hellip; <\/p>\n","protected":false},"author":1,"featured_media":512,"comment_status":"closed","ping_status":"closed","sticky":false,"template":"","format":"standard","meta":{"footnotes":""},"categories":[12],"tags":[],"class_list":["post-495","post","type-post","status-publish","format-standard","has-post-thumbnail","hentry","category-autour-des-feux-dartifice"],"yoast_head":"<!-- This site is optimized with the Yoast SEO plugin v27.4 - https:\/\/yoast.com\/product\/yoast-seo-wordpress\/ -->\n<title>Pourquoi tirer un feu d&#039;artifice le 14 juillet 2026 ? -<\/title>\n<meta name=\"description\" content=\"Chaque ann\u00e9e, la F\u00eate nationale fran\u00e7aise, c\u00e9l\u00e9br\u00e9e le 14 juillet, est l\u2019occasion d\u2019un moment fort et spectaculaire : le feu d\u2019artifice.\" \/>\n<meta name=\"robots\" content=\"index, follow, max-snippet:-1, max-image-preview:large, max-video-preview:-1\" \/>\n<link rel=\"canonical\" href=\"https:\/\/www.jacques-prevot.fr\/blog\/feu-dartifice-14-juillet\/\" \/>\n<meta property=\"og:locale\" content=\"fr_FR\" \/>\n<meta property=\"og:type\" content=\"article\" \/>\n<meta property=\"og:title\" content=\"Pourquoi tirer un feu d&#039;artifice le 14 juillet 2026 ? -\" \/>\n<meta property=\"og:description\" content=\"Chaque ann\u00e9e, la F\u00eate nationale fran\u00e7aise, c\u00e9l\u00e9br\u00e9e le 14 juillet, est l\u2019occasion d\u2019un moment fort et spectaculaire : le feu d\u2019artifice.\" \/>\n<meta property=\"og:url\" content=\"https:\/\/www.jacques-prevot.fr\/blog\/feu-dartifice-14-juillet\/\" \/>\n<meta property=\"og:site_name\" content=\"L&#039;actualit\u00e9 du feu d&#039;artifice\" \/>\n<meta property=\"article:publisher\" content=\"http:\/\/www.facebook.com\/pages\/SARL-Jacques-Prevot-Artifices\/450373535019880\" \/>\n<meta property=\"article:author\" content=\"https:\/\/www.facebook.com\/JPREVOTartifices\" \/>\n<meta property=\"article:published_time\" content=\"2026-01-19T17:45:04+00:00\" \/>\n<meta property=\"article:modified_time\" content=\"2026-01-20T07:46:07+00:00\" \/>\n<meta property=\"og:image\" content=\"https:\/\/www.jacques-prevot.fr\/blog\/wp-content\/uploads\/2026\/01\/Feu-dartifice-Vesoul-Nicolas-Groffal.webp\" \/>\n\t<meta property=\"og:image:width\" content=\"904\" \/>\n\t<meta property=\"og:image:height\" content=\"680\" \/>\n\t<meta property=\"og:image:type\" content=\"image\/webp\" \/>\n<meta name=\"author\" content=\"Jacques Prevot Artifices\" \/>\n<meta name=\"twitter:card\" content=\"summary_large_image\" \/>\n<meta name=\"twitter:creator\" content=\"@PREVOTartifices\" \/>\n<meta name=\"twitter:label1\" content=\"\u00c9crit par\" \/>\n\t<meta name=\"twitter:data1\" content=\"Jacques Prevot Artifices\" \/>\n\t<meta name=\"twitter:label2\" content=\"Dur\u00e9e de lecture estim\u00e9e\" \/>\n\t<meta name=\"twitter:data2\" content=\"5 minutes\" \/>\n<script type=\"application\/ld+json\" class=\"yoast-schema-graph\">{\"@context\":\"https:\\\/\\\/schema.org\",\"@graph\":[{\"@type\":\"Article\",\"@id\":\"https:\\\/\\\/www.jacques-prevot.fr\\\/blog\\\/feu-dartifice-14-juillet\\\/#article\",\"isPartOf\":{\"@id\":\"https:\\\/\\\/www.jacques-prevot.fr\\\/blog\\\/feu-dartifice-14-juillet\\\/\"},\"author\":{\"name\":\"Jacques Prevot Artifices\",\"@id\":\"https:\\\/\\\/www.jacques-prevot.fr\\\/blog\\\/#\\\/schema\\\/person\\\/02a9762333c7069e0aaff9ce219be895\"},\"headline\":\"Pourquoi tirer un feu d&rsquo;artifice le 14 juillet 2026 ?\",\"datePublished\":\"2026-01-19T17:45:04+00:00\",\"dateModified\":\"2026-01-20T07:46:07+00:00\",\"mainEntityOfPage\":{\"@id\":\"https:\\\/\\\/www.jacques-prevot.fr\\\/blog\\\/feu-dartifice-14-juillet\\\/\"},\"wordCount\":741,\"publisher\":{\"@id\":\"https:\\\/\\\/www.jacques-prevot.fr\\\/blog\\\/#organization\"},\"image\":{\"@id\":\"https:\\\/\\\/www.jacques-prevot.fr\\\/blog\\\/feu-dartifice-14-juillet\\\/#primaryimage\"},\"thumbnailUrl\":\"https:\\\/\\\/www.jacques-prevot.fr\\\/blog\\\/wp-content\\\/uploads\\\/2026\\\/01\\\/Feu-dartifice-Vesoul-Nicolas-Groffal.webp\",\"articleSection\":[\"Autour des feux d'artifice\"],\"inLanguage\":\"fr-FR\"},{\"@type\":\"WebPage\",\"@id\":\"https:\\\/\\\/www.jacques-prevot.fr\\\/blog\\\/feu-dartifice-14-juillet\\\/\",\"url\":\"https:\\\/\\\/www.jacques-prevot.fr\\\/blog\\\/feu-dartifice-14-juillet\\\/\",\"name\":\"Pourquoi tirer un feu d'artifice le 14 juillet 2026 ? -\",\"isPartOf\":{\"@id\":\"https:\\\/\\\/www.jacques-prevot.fr\\\/blog\\\/#website\"},\"primaryImageOfPage\":{\"@id\":\"https:\\\/\\\/www.jacques-prevot.fr\\\/blog\\\/feu-dartifice-14-juillet\\\/#primaryimage\"},\"image\":{\"@id\":\"https:\\\/\\\/www.jacques-prevot.fr\\\/blog\\\/feu-dartifice-14-juillet\\\/#primaryimage\"},\"thumbnailUrl\":\"https:\\\/\\\/www.jacques-prevot.fr\\\/blog\\\/wp-content\\\/uploads\\\/2026\\\/01\\\/Feu-dartifice-Vesoul-Nicolas-Groffal.webp\",\"datePublished\":\"2026-01-19T17:45:04+00:00\",\"dateModified\":\"2026-01-20T07:46:07+00:00\",\"description\":\"Chaque ann\u00e9e, la F\u00eate nationale fran\u00e7aise, c\u00e9l\u00e9br\u00e9e le 14 juillet, est l\u2019occasion d\u2019un moment fort et spectaculaire : le feu d\u2019artifice.\",\"breadcrumb\":{\"@id\":\"https:\\\/\\\/www.jacques-prevot.fr\\\/blog\\\/feu-dartifice-14-juillet\\\/#breadcrumb\"},\"inLanguage\":\"fr-FR\",\"potentialAction\":[{\"@type\":\"ReadAction\",\"target\":[\"https:\\\/\\\/www.jacques-prevot.fr\\\/blog\\\/feu-dartifice-14-juillet\\\/\"]}]},{\"@type\":\"ImageObject\",\"inLanguage\":\"fr-FR\",\"@id\":\"https:\\\/\\\/www.jacques-prevot.fr\\\/blog\\\/feu-dartifice-14-juillet\\\/#primaryimage\",\"url\":\"https:\\\/\\\/www.jacques-prevot.fr\\\/blog\\\/wp-content\\\/uploads\\\/2026\\\/01\\\/Feu-dartifice-Vesoul-Nicolas-Groffal.webp\",\"contentUrl\":\"https:\\\/\\\/www.jacques-prevot.fr\\\/blog\\\/wp-content\\\/uploads\\\/2026\\\/01\\\/Feu-dartifice-Vesoul-Nicolas-Groffal.webp\",\"width\":904,\"height\":680,\"caption\":\"Feu d'artifice de Vesoul par Nicolas Groffal\"},{\"@type\":\"BreadcrumbList\",\"@id\":\"https:\\\/\\\/www.jacques-prevot.fr\\\/blog\\\/feu-dartifice-14-juillet\\\/#breadcrumb\",\"itemListElement\":[{\"@type\":\"ListItem\",\"position\":1,\"name\":\"Accueil\",\"item\":\"https:\\\/\\\/www.jacques-prevot.fr\\\/blog\\\/\"},{\"@type\":\"ListItem\",\"position\":2,\"name\":\"Pourquoi tirer un feu d&rsquo;artifice le 14 juillet 2026 ?\"}]},{\"@type\":\"WebSite\",\"@id\":\"https:\\\/\\\/www.jacques-prevot.fr\\\/blog\\\/#website\",\"url\":\"https:\\\/\\\/www.jacques-prevot.fr\\\/blog\\\/\",\"name\":\"L'actualit\u00e9 du feu d'artifice\",\"description\":\"Comprendre la pyrotechnie par Jacques PREVOT Artifices\",\"publisher\":{\"@id\":\"https:\\\/\\\/www.jacques-prevot.fr\\\/blog\\\/#organization\"},\"potentialAction\":[{\"@type\":\"SearchAction\",\"target\":{\"@type\":\"EntryPoint\",\"urlTemplate\":\"https:\\\/\\\/www.jacques-prevot.fr\\\/blog\\\/?s={search_term_string}\"},\"query-input\":{\"@type\":\"PropertyValueSpecification\",\"valueRequired\":true,\"valueName\":\"search_term_string\"}}],\"inLanguage\":\"fr-FR\"},{\"@type\":\"Organization\",\"@id\":\"https:\\\/\\\/www.jacques-prevot.fr\\\/blog\\\/#organization\",\"name\":\"L'actualit\u00e9 du feu d'artifice\",\"url\":\"https:\\\/\\\/www.jacques-prevot.fr\\\/blog\\\/\",\"logo\":{\"@type\":\"ImageObject\",\"inLanguage\":\"fr-FR\",\"@id\":\"https:\\\/\\\/www.jacques-prevot.fr\\\/blog\\\/#\\\/schema\\\/logo\\\/image\\\/\",\"url\":\"https:\\\/\\\/www.jacques-prevot.fr\\\/blog\\\/wp-content\\\/uploads\\\/2019\\\/12\\\/cropped-cropped-logo-PREVOT-noir-et-blanc.png\",\"contentUrl\":\"https:\\\/\\\/www.jacques-prevot.fr\\\/blog\\\/wp-content\\\/uploads\\\/2019\\\/12\\\/cropped-cropped-logo-PREVOT-noir-et-blanc.png\",\"width\":879,\"height\":250,\"caption\":\"L'actualit\u00e9 du feu d'artifice\"},\"image\":{\"@id\":\"https:\\\/\\\/www.jacques-prevot.fr\\\/blog\\\/#\\\/schema\\\/logo\\\/image\\\/\"},\"sameAs\":[\"http:\\\/\\\/www.facebook.com\\\/pages\\\/SARL-Jacques-Prevot-Artifices\\\/450373535019880\",\"https:\\\/\\\/www.instagram.com\\\/jacques_prevot_artifices\\\/\",\"https:\\\/\\\/www.youtube.com\\\/@JPREVOTartifices\"]},{\"@type\":\"Person\",\"@id\":\"https:\\\/\\\/www.jacques-prevot.fr\\\/blog\\\/#\\\/schema\\\/person\\\/02a9762333c7069e0aaff9ce219be895\",\"name\":\"Jacques Prevot Artifices\",\"image\":{\"@type\":\"ImageObject\",\"inLanguage\":\"fr-FR\",\"@id\":\"https:\\\/\\\/secure.gravatar.com\\\/avatar\\\/0e0e20203ce85d1f516a982e48e434e80e62803f479ca72917ef3a8f68e19efd?s=96&d=mm&r=g\",\"url\":\"https:\\\/\\\/secure.gravatar.com\\\/avatar\\\/0e0e20203ce85d1f516a982e48e434e80e62803f479ca72917ef3a8f68e19efd?s=96&d=mm&r=g\",\"contentUrl\":\"https:\\\/\\\/secure.gravatar.com\\\/avatar\\\/0e0e20203ce85d1f516a982e48e434e80e62803f479ca72917ef3a8f68e19efd?s=96&d=mm&r=g\",\"caption\":\"Jacques Prevot Artifices\"},\"description\":\"JACQUES PREVOT ARTIFICES commercialise des feux d'artifices pour particuliers, collectivit\u00e9s, associations et professionnels des artifices de divertissements. Fort de 28 ann\u00e9es d'exp\u00e9rience, l'entreprise familiale dirig\u00e9 par le famille PREVOT est install\u00e9e en Haute Marne \u00e0 Sarrey. Jacques PREVOT Artifices est le premier site web de vente en ligne de feux d'artifices en France. Depuis 2012, l'entreprise est devenue organisme de formation et forme \u00e0 ce titre plus de 100 artificiers par an au certificat d'artificier F4T2. Diffusant sa marque partout en m\u00e9tropole, Jacques PREVOT Artifices ma\u00eetrise la cha\u00eene logistique complexe des artifices de divertissements : de leurs dessins \u00e0 Sarrey \u00e0 la fabrication en Chine, en passant par le stockage sur sites sp\u00e9cialis\u00e9s.\",\"sameAs\":[\"https:\\\/\\\/www.jacques-prevot.fr\\\/\",\"https:\\\/\\\/www.facebook.com\\\/JPREVOTartifices\",\"https:\\\/\\\/x.com\\\/PREVOTartifices\"]}]}<\/script>\n<!-- \/ Yoast SEO plugin. -->","yoast_head_json":{"title":"Pourquoi tirer un feu d'artifice le 14 juillet 2026 ? -","description":"Chaque ann\u00e9e, la F\u00eate nationale fran\u00e7aise, c\u00e9l\u00e9br\u00e9e le 14 juillet, est l\u2019occasion d\u2019un moment fort et spectaculaire : le feu d\u2019artifice.","robots":{"index":"index","follow":"follow","max-snippet":"max-snippet:-1","max-image-preview":"max-image-preview:large","max-video-preview":"max-video-preview:-1"},"canonical":"https:\/\/www.jacques-prevot.fr\/blog\/feu-dartifice-14-juillet\/","og_locale":"fr_FR","og_type":"article","og_title":"Pourquoi tirer un feu d'artifice le 14 juillet 2026 ? -","og_description":"Chaque ann\u00e9e, la F\u00eate nationale fran\u00e7aise, c\u00e9l\u00e9br\u00e9e le 14 juillet, est l\u2019occasion d\u2019un moment fort et spectaculaire : le feu d\u2019artifice.","og_url":"https:\/\/www.jacques-prevot.fr\/blog\/feu-dartifice-14-juillet\/","og_site_name":"L&#039;actualit\u00e9 du feu d&#039;artifice","article_publisher":"http:\/\/www.facebook.com\/pages\/SARL-Jacques-Prevot-Artifices\/450373535019880","article_author":"https:\/\/www.facebook.com\/JPREVOTartifices","article_published_time":"2026-01-19T17:45:04+00:00","article_modified_time":"2026-01-20T07:46:07+00:00","og_image":[{"width":904,"height":680,"url":"https:\/\/www.jacques-prevot.fr\/blog\/wp-content\/uploads\/2026\/01\/Feu-dartifice-Vesoul-Nicolas-Groffal.webp","type":"image\/webp"}],"author":"Jacques Prevot Artifices","twitter_card":"summary_large_image","twitter_creator":"@PREVOTartifices","twitter_misc":{"\u00c9crit par":"Jacques Prevot Artifices","Dur\u00e9e de lecture estim\u00e9e":"5 minutes"},"schema":{"@context":"https:\/\/schema.org","@graph":[{"@type":"Article","@id":"https:\/\/www.jacques-prevot.fr\/blog\/feu-dartifice-14-juillet\/#article","isPartOf":{"@id":"https:\/\/www.jacques-prevot.fr\/blog\/feu-dartifice-14-juillet\/"},"author":{"name":"Jacques Prevot Artifices","@id":"https:\/\/www.jacques-prevot.fr\/blog\/#\/schema\/person\/02a9762333c7069e0aaff9ce219be895"},"headline":"Pourquoi tirer un feu d&rsquo;artifice le 14 juillet 2026 ?","datePublished":"2026-01-19T17:45:04+00:00","dateModified":"2026-01-20T07:46:07+00:00","mainEntityOfPage":{"@id":"https:\/\/www.jacques-prevot.fr\/blog\/feu-dartifice-14-juillet\/"},"wordCount":741,"publisher":{"@id":"https:\/\/www.jacques-prevot.fr\/blog\/#organization"},"image":{"@id":"https:\/\/www.jacques-prevot.fr\/blog\/feu-dartifice-14-juillet\/#primaryimage"},"thumbnailUrl":"https:\/\/www.jacques-prevot.fr\/blog\/wp-content\/uploads\/2026\/01\/Feu-dartifice-Vesoul-Nicolas-Groffal.webp","articleSection":["Autour des feux d'artifice"],"inLanguage":"fr-FR"},{"@type":"WebPage","@id":"https:\/\/www.jacques-prevot.fr\/blog\/feu-dartifice-14-juillet\/","url":"https:\/\/www.jacques-prevot.fr\/blog\/feu-dartifice-14-juillet\/","name":"Pourquoi tirer un feu d'artifice le 14 juillet 2026 ? -","isPartOf":{"@id":"https:\/\/www.jacques-prevot.fr\/blog\/#website"},"primaryImageOfPage":{"@id":"https:\/\/www.jacques-prevot.fr\/blog\/feu-dartifice-14-juillet\/#primaryimage"},"image":{"@id":"https:\/\/www.jacques-prevot.fr\/blog\/feu-dartifice-14-juillet\/#primaryimage"},"thumbnailUrl":"https:\/\/www.jacques-prevot.fr\/blog\/wp-content\/uploads\/2026\/01\/Feu-dartifice-Vesoul-Nicolas-Groffal.webp","datePublished":"2026-01-19T17:45:04+00:00","dateModified":"2026-01-20T07:46:07+00:00","description":"Chaque ann\u00e9e, la F\u00eate nationale fran\u00e7aise, c\u00e9l\u00e9br\u00e9e le 14 juillet, est l\u2019occasion d\u2019un moment fort et spectaculaire : le feu d\u2019artifice.","breadcrumb":{"@id":"https:\/\/www.jacques-prevot.fr\/blog\/feu-dartifice-14-juillet\/#breadcrumb"},"inLanguage":"fr-FR","potentialAction":[{"@type":"ReadAction","target":["https:\/\/www.jacques-prevot.fr\/blog\/feu-dartifice-14-juillet\/"]}]},{"@type":"ImageObject","inLanguage":"fr-FR","@id":"https:\/\/www.jacques-prevot.fr\/blog\/feu-dartifice-14-juillet\/#primaryimage","url":"https:\/\/www.jacques-prevot.fr\/blog\/wp-content\/uploads\/2026\/01\/Feu-dartifice-Vesoul-Nicolas-Groffal.webp","contentUrl":"https:\/\/www.jacques-prevot.fr\/blog\/wp-content\/uploads\/2026\/01\/Feu-dartifice-Vesoul-Nicolas-Groffal.webp","width":904,"height":680,"caption":"Feu d'artifice de Vesoul par Nicolas Groffal"},{"@type":"BreadcrumbList","@id":"https:\/\/www.jacques-prevot.fr\/blog\/feu-dartifice-14-juillet\/#breadcrumb","itemListElement":[{"@type":"ListItem","position":1,"name":"Accueil","item":"https:\/\/www.jacques-prevot.fr\/blog\/"},{"@type":"ListItem","position":2,"name":"Pourquoi tirer un feu d&rsquo;artifice le 14 juillet 2026 ?"}]},{"@type":"WebSite","@id":"https:\/\/www.jacques-prevot.fr\/blog\/#website","url":"https:\/\/www.jacques-prevot.fr\/blog\/","name":"L'actualit\u00e9 du feu d'artifice","description":"Comprendre la pyrotechnie par Jacques PREVOT Artifices","publisher":{"@id":"https:\/\/www.jacques-prevot.fr\/blog\/#organization"},"potentialAction":[{"@type":"SearchAction","target":{"@type":"EntryPoint","urlTemplate":"https:\/\/www.jacques-prevot.fr\/blog\/?s={search_term_string}"},"query-input":{"@type":"PropertyValueSpecification","valueRequired":true,"valueName":"search_term_string"}}],"inLanguage":"fr-FR"},{"@type":"Organization","@id":"https:\/\/www.jacques-prevot.fr\/blog\/#organization","name":"L'actualit\u00e9 du feu d'artifice","url":"https:\/\/www.jacques-prevot.fr\/blog\/","logo":{"@type":"ImageObject","inLanguage":"fr-FR","@id":"https:\/\/www.jacques-prevot.fr\/blog\/#\/schema\/logo\/image\/","url":"https:\/\/www.jacques-prevot.fr\/blog\/wp-content\/uploads\/2019\/12\/cropped-cropped-logo-PREVOT-noir-et-blanc.png","contentUrl":"https:\/\/www.jacques-prevot.fr\/blog\/wp-content\/uploads\/2019\/12\/cropped-cropped-logo-PREVOT-noir-et-blanc.png","width":879,"height":250,"caption":"L'actualit\u00e9 du feu d'artifice"},"image":{"@id":"https:\/\/www.jacques-prevot.fr\/blog\/#\/schema\/logo\/image\/"},"sameAs":["http:\/\/www.facebook.com\/pages\/SARL-Jacques-Prevot-Artifices\/450373535019880","https:\/\/www.instagram.com\/jacques_prevot_artifices\/","https:\/\/www.youtube.com\/@JPREVOTartifices"]},{"@type":"Person","@id":"https:\/\/www.jacques-prevot.fr\/blog\/#\/schema\/person\/02a9762333c7069e0aaff9ce219be895","name":"Jacques Prevot Artifices","image":{"@type":"ImageObject","inLanguage":"fr-FR","@id":"https:\/\/secure.gravatar.com\/avatar\/0e0e20203ce85d1f516a982e48e434e80e62803f479ca72917ef3a8f68e19efd?s=96&d=mm&r=g","url":"https:\/\/secure.gravatar.com\/avatar\/0e0e20203ce85d1f516a982e48e434e80e62803f479ca72917ef3a8f68e19efd?s=96&d=mm&r=g","contentUrl":"https:\/\/secure.gravatar.com\/avatar\/0e0e20203ce85d1f516a982e48e434e80e62803f479ca72917ef3a8f68e19efd?s=96&d=mm&r=g","caption":"Jacques Prevot Artifices"},"description":"JACQUES PREVOT ARTIFICES commercialise des feux d'artifices pour particuliers, collectivit\u00e9s, associations et professionnels des artifices de divertissements. Fort de 28 ann\u00e9es d'exp\u00e9rience, l'entreprise familiale dirig\u00e9 par le famille PREVOT est install\u00e9e en Haute Marne \u00e0 Sarrey. Jacques PREVOT Artifices est le premier site web de vente en ligne de feux d'artifices en France. Depuis 2012, l'entreprise est devenue organisme de formation et forme \u00e0 ce titre plus de 100 artificiers par an au certificat d'artificier F4T2. Diffusant sa marque partout en m\u00e9tropole, Jacques PREVOT Artifices ma\u00eetrise la cha\u00eene logistique complexe des artifices de divertissements : de leurs dessins \u00e0 Sarrey \u00e0 la fabrication en Chine, en passant par le stockage sur sites sp\u00e9cialis\u00e9s.","sameAs":["https:\/\/www.jacques-prevot.fr\/","https:\/\/www.facebook.com\/JPREVOTartifices","https:\/\/x.com\/PREVOTartifices"]}]}},"_links":{"self":[{"href":"https:\/\/www.jacques-prevot.fr\/blog\/wp-json\/wp\/v2\/posts\/495","targetHints":{"allow":["GET"]}}],"collection":[{"href":"https:\/\/www.jacques-prevot.fr\/blog\/wp-json\/wp\/v2\/posts"}],"about":[{"href":"https:\/\/www.jacques-prevot.fr\/blog\/wp-json\/wp\/v2\/types\/post"}],"author":[{"embeddable":true,"href":"https:\/\/www.jacques-prevot.fr\/blog\/wp-json\/wp\/v2\/users\/1"}],"replies":[{"embeddable":true,"href":"https:\/\/www.jacques-prevot.fr\/blog\/wp-json\/wp\/v2\/comments?post=495"}],"version-history":[{"count":13,"href":"https:\/\/www.jacques-prevot.fr\/blog\/wp-json\/wp\/v2\/posts\/495\/revisions"}],"predecessor-version":[{"id":514,"href":"https:\/\/www.jacques-prevot.fr\/blog\/wp-json\/wp\/v2\/posts\/495\/revisions\/514"}],"wp:featuredmedia":[{"embeddable":true,"href":"https:\/\/www.jacques-prevot.fr\/blog\/wp-json\/wp\/v2\/media\/512"}],"wp:attachment":[{"href":"https:\/\/www.jacques-prevot.fr\/blog\/wp-json\/wp\/v2\/media?parent=495"}],"wp:term":[{"taxonomy":"category","embeddable":true,"href":"https:\/\/www.jacques-prevot.fr\/blog\/wp-json\/wp\/v2\/categories?post=495"},{"taxonomy":"post_tag","embeddable":true,"href":"https:\/\/www.jacques-prevot.fr\/blog\/wp-json\/wp\/v2\/tags?post=495"}],"curies":[{"name":"wp","href":"https:\/\/api.w.org\/{rel}","templated":true}]}}