{"id":376,"date":"2026-01-12T11:39:52","date_gmt":"2026-01-12T10:39:52","guid":{"rendered":"https:\/\/www.jacques-prevot.fr\/blog\/?p=376"},"modified":"2026-01-14T14:49:24","modified_gmt":"2026-01-14T13:49:24","slug":"un-feu-dartifice-ca-pollue","status":"publish","type":"post","link":"https:\/\/www.jacques-prevot.fr\/blog\/un-feu-dartifice-ca-pollue\/","title":{"rendered":"Un feu d\u2019artifice, \u00e7a pollue ?"},"content":{"rendered":"\n<p>C\u2019est une question de plus en plus fr\u00e9quente, et elle est l\u00e9gitime.<br>Alors oui, un feu d\u2019artifice g\u00e9n\u00e8re des \u00e9missions de CO\u2082, mais dans des proportions bien plus faibles qu\u2019on ne l\u2019imagine.<\/p>\n\n\n\n<p>Pour aller au-del\u00e0 des id\u00e9es re\u00e7ues, <strong><a href=\"https:\/\/www.jacques-prevot.fr\/\" data-type=\"link\" data-id=\"https:\/\/www.jacques-prevot.fr\/\">Jacques PREVOT Artifices<\/a><\/strong> a fait appel \u00e0 des professionnels sp\u00e9cialis\u00e9s dans l\u2019analyse carbone : <strong><a href=\"https:\/\/carbometrix.com\/fr\/\" data-type=\"link\" data-id=\"https:\/\/carbometrix.com\/fr\/\">Carbometrix<\/a><\/strong>.<\/p>\n\n\n\n<p>Leur travail&nbsp;: c\u2019est faire le bilan carbone carbone de nos activit\u00e9s et de nos produits de A \u00e0 Z. \u00c7a va de l\u2019\u00e9nergie utilis\u00e9e pour fabriquer les poudres noires en Chine, jusqu\u2019au moyen de d\u00e9placement utilis\u00e9 par les spectateurs qui viennent voir les feux en France&nbsp;! Cette analyse couvre <strong>les scopes 1, 2 et 3<\/strong>, c\u2019est-\u00e0-dire <strong>toutes les \u00e9missions directes et indirectes<\/strong>.<\/p>\n\n\n\n<figure class=\"wp-block-embed is-type-video is-provider-youtube wp-block-embed-youtube wp-embed-aspect-16-9 wp-has-aspect-ratio\"><div class=\"wp-block-embed__wrapper\">\n<iframe loading=\"lazy\" title=\"De\u0301couvrez Carbometrix avec Marie, Co-founder\" width=\"840\" height=\"473\" src=\"https:\/\/www.youtube.com\/embed\/F8CSx-tDyik?feature=oembed\" frameborder=\"0\" allow=\"accelerometer; autoplay; clipboard-write; encrypted-media; gyroscope; picture-in-picture; web-share\" referrerpolicy=\"strict-origin-when-cross-origin\" allowfullscreen><\/iframe>\n<\/div><\/figure>\n\n\n\n<p><\/p>\n\n\n\n<h2 class=\"wp-block-heading\">R\u00e9sultat : combien de CO\u2082 par spectateur ?<\/h2>\n\n\n\n<p><strong>698 grammes de CO\u2082 par spectateur<\/strong> (cela correspond \u00e0 environ 3 km parcourus en voiture thermique).<\/p>\n\n\n\n<p>Et par rapport aux autres \u00e9v\u00e9nements ? (en <strong>CO\u2082 \/ spectateur<\/strong>)<\/p>\n\n\n\n<p>\ud83c\udfb5 Concert de musique : <strong>\u2248 13 kg<\/strong><br>\ud83c\udfa2 Parc d\u2019attractions : <strong>\u2248 18 kg<\/strong><br>\ud83c\udfaa Festival de musique : <strong>\u2248 50 kg<\/strong><br>\ud83c\udf86 Feu d\u2019artifice : <strong>0,7 kg<\/strong><\/p>\n\n\n\n<p>Un feu d\u2019artifice est donc l\u2019un des \u00e9v\u00e9nements festifs les moins \u00e9metteurs de CO\u2082.<\/p>\n\n\n\n<figure class=\"wp-block-image size-full\"><img loading=\"lazy\" decoding=\"async\" width=\"658\" height=\"412\" src=\"https:\/\/www.jacques-prevot.fr\/blog\/wp-content\/uploads\/2026\/01\/Benchmark-CO2-par-spectateur.png\" alt=\"Empreinte Carbonne feu d'artifice \" class=\"wp-image-377\" srcset=\"https:\/\/www.jacques-prevot.fr\/blog\/wp-content\/uploads\/2026\/01\/Benchmark-CO2-par-spectateur.png 658w, https:\/\/www.jacques-prevot.fr\/blog\/wp-content\/uploads\/2026\/01\/Benchmark-CO2-par-spectateur-300x188.png 300w\" sizes=\"auto, (max-width: 658px) 100vw, 658px\" \/><\/figure>\n\n\n\n<p>* Etude r\u00e9alis\u00e9e par le Shift Project en 2022 sur les \u00e9missions (tous scopes inclus) d&rsquo;un festival de 280 000 personnes.<\/p>\n\n\n\n<p><\/p>\n\n\n\n<p><\/p>\n\n\n\n<h2 class=\"wp-block-heading\">Est-ce que \u00e7a reste un impact pour la plan\u00e8te ?<\/h2>\n\n\n\n<p>Oui. En 2024, <strong>Jacques PREVOT Artifices<\/strong> a g\u00e9n\u00e9r\u00e9 <strong>945 tonnes de CO\u2082<\/strong> sur l\u2019ensemble de ses activit\u00e9s (soit 0,681 kgCO2e \/ spectateur).<\/p>\n\n\n\n<figure class=\"wp-block-image size-full\"><img loading=\"lazy\" decoding=\"async\" width=\"750\" height=\"423\" src=\"https:\/\/www.jacques-prevot.fr\/blog\/wp-content\/uploads\/2026\/01\/Emissions-carbone-PREVOT.jpg\" alt=\"Bilan Carbonne entreprise PREVOT Artifices \" class=\"wp-image-378\" srcset=\"https:\/\/www.jacques-prevot.fr\/blog\/wp-content\/uploads\/2026\/01\/Emissions-carbone-PREVOT.jpg 750w, https:\/\/www.jacques-prevot.fr\/blog\/wp-content\/uploads\/2026\/01\/Emissions-carbone-PREVOT-300x169.jpg 300w, https:\/\/www.jacques-prevot.fr\/blog\/wp-content\/uploads\/2026\/01\/Emissions-carbone-PREVOT-360x203.jpg 360w, https:\/\/www.jacques-prevot.fr\/blog\/wp-content\/uploads\/2026\/01\/Emissions-carbone-PREVOT-345x195.jpg 345w\" sizes=\"auto, (max-width: 750px) 100vw, 750px\" \/><\/figure>\n\n\n\n<p>C\u2019est pourquoi nous avons engag\u00e9 des d\u00e9marches concr\u00e8tes de r\u00e9duction :<\/p>\n\n\n\n<ul class=\"wp-block-list\">\n<li>r\u00e9utilisation des emballages,<\/li>\n\n\n\n<li>suppression des supports publicitaires papier sur les produits,<\/li>\n\n\n\n<li>recyclage syst\u00e9matique des d\u00e9chets apr\u00e8s tir,<\/li>\n\n\n\n<li>optimisation des flux de transport,<\/li>\n\n\n\n<li>r\u00e9duction des d\u00e9placements internationaux.<\/li>\n<\/ul>\n\n\n\n<p><strong>Depuis 2022, nos \u00e9missions par spectateur diminuent de 10 % chaque ann\u00e9e.<\/strong><\/p>\n\n\n\n<p><\/p>\n\n\n\n<p><\/p>\n\n\n\n<h2 class=\"wp-block-heading\">Compenser ce qui ne peut pas encore \u00eatre \u00e9vit\u00e9<\/h2>\n\n\n\n<p>Malgr\u00e9 ces efforts, il reste des \u00e9missions incompressibles.<br>Nous avons donc choisi de les <strong>compenser int\u00e9gralement<\/strong>, en finan\u00e7ant des projets locaux et vertueux.<\/p>\n\n\n\n<p>Nous soutenons notamment le programme <strong><a href=\"https:\/\/bleu-blanc-coeur.org\/nos-engagements\/environnement\/demarche-environnementale\/\" data-type=\"link\" data-id=\"https:\/\/bleu-blanc-coeur.org\/nos-engagements\/environnement\/demarche-environnementale\/\">Bleu-Blanc-C\u0153ur<\/a><\/strong>, qui vise \u00e0 :<\/p>\n\n\n\n<ul class=\"wp-block-list\">\n<li>am\u00e9liorer l\u2019alimentation de 3 000 vaches laiti\u00e8res,<\/li>\n\n\n\n<li>r\u00e9duire leurs \u00e9missions de m\u00e9thane,<\/li>\n\n\n\n<li>soutenir une agriculture plus durable dans notre r\u00e9gion.<\/li>\n<\/ul>\n\n\n\n<p> <strong>Aujourd\u2019hui, 100% des \u00e9missions li\u00e9es \u00e0 nos feux d\u2019artifice est compens\u00e9.<\/strong><\/p>\n\n\n\n<figure class=\"wp-block-image size-large\"><img loading=\"lazy\" decoding=\"async\" width=\"1024\" height=\"576\" src=\"https:\/\/www.jacques-prevot.fr\/blog\/wp-content\/uploads\/2026\/01\/Feu-dartifice-1024x576.webp\" alt=\"Feu d'artifice au bord d'un lac \u00a9 Nicolas Groffall\" class=\"wp-image-379\" srcset=\"https:\/\/www.jacques-prevot.fr\/blog\/wp-content\/uploads\/2026\/01\/Feu-dartifice-1024x576.webp 1024w, https:\/\/www.jacques-prevot.fr\/blog\/wp-content\/uploads\/2026\/01\/Feu-dartifice-300x169.webp 300w, https:\/\/www.jacques-prevot.fr\/blog\/wp-content\/uploads\/2026\/01\/Feu-dartifice-768x432.webp 768w, https:\/\/www.jacques-prevot.fr\/blog\/wp-content\/uploads\/2026\/01\/Feu-dartifice-360x203.webp 360w, https:\/\/www.jacques-prevot.fr\/blog\/wp-content\/uploads\/2026\/01\/Feu-dartifice-1140x641.webp 1140w, https:\/\/www.jacques-prevot.fr\/blog\/wp-content\/uploads\/2026\/01\/Feu-dartifice-755x424.webp 755w, https:\/\/www.jacques-prevot.fr\/blog\/wp-content\/uploads\/2026\/01\/Feu-dartifice-345x195.webp 345w, https:\/\/www.jacques-prevot.fr\/blog\/wp-content\/uploads\/2026\/01\/Feu-dartifice.webp 1208w\" sizes=\"auto, (max-width: 1024px) 100vw, 1024px\" \/><figcaption class=\"wp-element-caption\">Feu d&rsquo;artifice au bord d&rsquo;un lac \u00a9 Nicolas Groffall<\/figcaption><\/figure>\n","protected":false},"excerpt":{"rendered":"<p>C\u2019est une question de plus en plus fr\u00e9quente, et elle est l\u00e9gitime.Alors oui, un feu d\u2019artifice g\u00e9n\u00e8re des \u00e9missions de CO\u2082, mais dans des proportions &hellip; <\/p>\n","protected":false},"author":1,"featured_media":453,"comment_status":"open","ping_status":"closed","sticky":false,"template":"","format":"standard","meta":{"footnotes":""},"categories":[12],"tags":[26,27,13,28,25],"class_list":["post-376","post","type-post","status-publish","format-standard","has-post-thumbnail","hentry","category-autour-des-feux-dartifice","tag-co2","tag-feu-dartifice-ecologique","tag-feu-dartifice","tag-impact-environnemental","tag-pollution"],"yoast_head":"<!-- This site is optimized with the Yoast SEO plugin v27.4 - https:\/\/yoast.com\/product\/yoast-seo-wordpress\/ -->\n<title>Un feu d\u2019artifice, \u00e7a pollue ? - L&#039;actualit\u00e9 du feu d&#039;artifice<\/title>\n<meta name=\"description\" content=\"Un feu d\u2019artifice, \u00e7a pollue ? - Autour des feux d&#039;artifice - C\u2019est une question de plus en plus fr\u00e9quente, et elle est l\u00e9gitime.Alors oui, un feu d\u2019artifice g\u00e9n\u00e8re des \u00e9missions de CO\u2082, mais dans des proportions ...\" \/>\n<meta name=\"robots\" content=\"index, follow, max-snippet:-1, max-image-preview:large, max-video-preview:-1\" \/>\n<link rel=\"canonical\" href=\"https:\/\/www.jacques-prevot.fr\/blog\/un-feu-dartifice-ca-pollue\/\" \/>\n<meta property=\"og:locale\" content=\"fr_FR\" \/>\n<meta property=\"og:type\" content=\"article\" \/>\n<meta property=\"og:title\" content=\"Un feu d\u2019artifice, \u00e7a pollue ? - L&#039;actualit\u00e9 du feu d&#039;artifice\" \/>\n<meta property=\"og:description\" content=\"Un feu d\u2019artifice, \u00e7a pollue ? - Autour des feux d&#039;artifice - C\u2019est une question de plus en plus fr\u00e9quente, et elle est l\u00e9gitime.Alors oui, un feu d\u2019artifice g\u00e9n\u00e8re des \u00e9missions de CO\u2082, mais dans des proportions ...\" \/>\n<meta property=\"og:url\" content=\"https:\/\/www.jacques-prevot.fr\/blog\/un-feu-dartifice-ca-pollue\/\" \/>\n<meta property=\"og:site_name\" content=\"L&#039;actualit\u00e9 du feu d&#039;artifice\" \/>\n<meta property=\"article:publisher\" content=\"http:\/\/www.facebook.com\/pages\/SARL-Jacques-Prevot-Artifices\/450373535019880\" \/>\n<meta property=\"article:author\" content=\"https:\/\/www.facebook.com\/JPREVOTartifices\" \/>\n<meta property=\"article:published_time\" content=\"2026-01-12T10:39:52+00:00\" \/>\n<meta property=\"article:modified_time\" content=\"2026-01-14T13:49:24+00:00\" \/>\n<meta property=\"og:image\" content=\"https:\/\/www.jacques-prevot.fr\/blog\/wp-content\/uploads\/2026\/01\/Un-feu-dartifice-ca-pollue.webp\" \/>\n\t<meta property=\"og:image:width\" content=\"1708\" \/>\n\t<meta property=\"og:image:height\" content=\"591\" \/>\n\t<meta property=\"og:image:type\" content=\"image\/webp\" \/>\n<meta name=\"author\" content=\"Jacques Prevot Artifices\" \/>\n<meta name=\"twitter:card\" content=\"summary_large_image\" \/>\n<meta name=\"twitter:creator\" content=\"@PREVOTartifices\" \/>\n<meta name=\"twitter:label1\" content=\"\u00c9crit par\" \/>\n\t<meta name=\"twitter:data1\" content=\"Jacques Prevot Artifices\" \/>\n\t<meta name=\"twitter:label2\" content=\"Dur\u00e9e de lecture estim\u00e9e\" \/>\n\t<meta name=\"twitter:data2\" content=\"3 minutes\" \/>\n<script type=\"application\/ld+json\" class=\"yoast-schema-graph\">{\"@context\":\"https:\\\/\\\/schema.org\",\"@graph\":[{\"@type\":\"Article\",\"@id\":\"https:\\\/\\\/www.jacques-prevot.fr\\\/blog\\\/un-feu-dartifice-ca-pollue\\\/#article\",\"isPartOf\":{\"@id\":\"https:\\\/\\\/www.jacques-prevot.fr\\\/blog\\\/un-feu-dartifice-ca-pollue\\\/\"},\"author\":{\"name\":\"Jacques Prevot Artifices\",\"@id\":\"https:\\\/\\\/www.jacques-prevot.fr\\\/blog\\\/#\\\/schema\\\/person\\\/02a9762333c7069e0aaff9ce219be895\"},\"headline\":\"Un feu d\u2019artifice, \u00e7a pollue ?\",\"datePublished\":\"2026-01-12T10:39:52+00:00\",\"dateModified\":\"2026-01-14T13:49:24+00:00\",\"mainEntityOfPage\":{\"@id\":\"https:\\\/\\\/www.jacques-prevot.fr\\\/blog\\\/un-feu-dartifice-ca-pollue\\\/\"},\"wordCount\":407,\"commentCount\":0,\"publisher\":{\"@id\":\"https:\\\/\\\/www.jacques-prevot.fr\\\/blog\\\/#organization\"},\"image\":{\"@id\":\"https:\\\/\\\/www.jacques-prevot.fr\\\/blog\\\/un-feu-dartifice-ca-pollue\\\/#primaryimage\"},\"thumbnailUrl\":\"https:\\\/\\\/www.jacques-prevot.fr\\\/blog\\\/wp-content\\\/uploads\\\/2026\\\/01\\\/Un-feu-dartifice-ca-pollue.webp\",\"keywords\":[\"co2\",\"feu d\u2019artifice \u00e9cologique\",\"feu d&#039;artifice\",\"impact environnemental\",\"pollution\"],\"articleSection\":[\"Autour des feux d'artifice\"],\"inLanguage\":\"fr-FR\",\"potentialAction\":[{\"@type\":\"CommentAction\",\"name\":\"Comment\",\"target\":[\"https:\\\/\\\/www.jacques-prevot.fr\\\/blog\\\/un-feu-dartifice-ca-pollue\\\/#respond\"]}]},{\"@type\":\"WebPage\",\"@id\":\"https:\\\/\\\/www.jacques-prevot.fr\\\/blog\\\/un-feu-dartifice-ca-pollue\\\/\",\"url\":\"https:\\\/\\\/www.jacques-prevot.fr\\\/blog\\\/un-feu-dartifice-ca-pollue\\\/\",\"name\":\"Un feu d\u2019artifice, \u00e7a pollue ? - L&#039;actualit\u00e9 du feu d&#039;artifice\",\"isPartOf\":{\"@id\":\"https:\\\/\\\/www.jacques-prevot.fr\\\/blog\\\/#website\"},\"primaryImageOfPage\":{\"@id\":\"https:\\\/\\\/www.jacques-prevot.fr\\\/blog\\\/un-feu-dartifice-ca-pollue\\\/#primaryimage\"},\"image\":{\"@id\":\"https:\\\/\\\/www.jacques-prevot.fr\\\/blog\\\/un-feu-dartifice-ca-pollue\\\/#primaryimage\"},\"thumbnailUrl\":\"https:\\\/\\\/www.jacques-prevot.fr\\\/blog\\\/wp-content\\\/uploads\\\/2026\\\/01\\\/Un-feu-dartifice-ca-pollue.webp\",\"datePublished\":\"2026-01-12T10:39:52+00:00\",\"dateModified\":\"2026-01-14T13:49:24+00:00\",\"description\":\"Un feu d\u2019artifice, \u00e7a pollue ? - Autour des feux d'artifice - C\u2019est une question de plus en plus fr\u00e9quente, et elle est l\u00e9gitime.Alors oui, un feu d\u2019artifice g\u00e9n\u00e8re des \u00e9missions de CO\u2082, mais dans des proportions ...\",\"breadcrumb\":{\"@id\":\"https:\\\/\\\/www.jacques-prevot.fr\\\/blog\\\/un-feu-dartifice-ca-pollue\\\/#breadcrumb\"},\"inLanguage\":\"fr-FR\",\"potentialAction\":[{\"@type\":\"ReadAction\",\"target\":[\"https:\\\/\\\/www.jacques-prevot.fr\\\/blog\\\/un-feu-dartifice-ca-pollue\\\/\"]}]},{\"@type\":\"ImageObject\",\"inLanguage\":\"fr-FR\",\"@id\":\"https:\\\/\\\/www.jacques-prevot.fr\\\/blog\\\/un-feu-dartifice-ca-pollue\\\/#primaryimage\",\"url\":\"https:\\\/\\\/www.jacques-prevot.fr\\\/blog\\\/wp-content\\\/uploads\\\/2026\\\/01\\\/Un-feu-dartifice-ca-pollue.webp\",\"contentUrl\":\"https:\\\/\\\/www.jacques-prevot.fr\\\/blog\\\/wp-content\\\/uploads\\\/2026\\\/01\\\/Un-feu-dartifice-ca-pollue.webp\",\"width\":1708,\"height\":591,\"caption\":\"Un feu d'artifice \u00e7a pollue\"},{\"@type\":\"BreadcrumbList\",\"@id\":\"https:\\\/\\\/www.jacques-prevot.fr\\\/blog\\\/un-feu-dartifice-ca-pollue\\\/#breadcrumb\",\"itemListElement\":[{\"@type\":\"ListItem\",\"position\":1,\"name\":\"Accueil\",\"item\":\"https:\\\/\\\/www.jacques-prevot.fr\\\/blog\\\/\"},{\"@type\":\"ListItem\",\"position\":2,\"name\":\"Un feu d\u2019artifice, \u00e7a pollue ?\"}]},{\"@type\":\"WebSite\",\"@id\":\"https:\\\/\\\/www.jacques-prevot.fr\\\/blog\\\/#website\",\"url\":\"https:\\\/\\\/www.jacques-prevot.fr\\\/blog\\\/\",\"name\":\"L'actualit\u00e9 du feu d'artifice\",\"description\":\"Comprendre la pyrotechnie par Jacques PREVOT Artifices\",\"publisher\":{\"@id\":\"https:\\\/\\\/www.jacques-prevot.fr\\\/blog\\\/#organization\"},\"potentialAction\":[{\"@type\":\"SearchAction\",\"target\":{\"@type\":\"EntryPoint\",\"urlTemplate\":\"https:\\\/\\\/www.jacques-prevot.fr\\\/blog\\\/?s={search_term_string}\"},\"query-input\":{\"@type\":\"PropertyValueSpecification\",\"valueRequired\":true,\"valueName\":\"search_term_string\"}}],\"inLanguage\":\"fr-FR\"},{\"@type\":\"Organization\",\"@id\":\"https:\\\/\\\/www.jacques-prevot.fr\\\/blog\\\/#organization\",\"name\":\"L'actualit\u00e9 du feu d'artifice\",\"url\":\"https:\\\/\\\/www.jacques-prevot.fr\\\/blog\\\/\",\"logo\":{\"@type\":\"ImageObject\",\"inLanguage\":\"fr-FR\",\"@id\":\"https:\\\/\\\/www.jacques-prevot.fr\\\/blog\\\/#\\\/schema\\\/logo\\\/image\\\/\",\"url\":\"https:\\\/\\\/www.jacques-prevot.fr\\\/blog\\\/wp-content\\\/uploads\\\/2019\\\/12\\\/cropped-cropped-logo-PREVOT-noir-et-blanc.png\",\"contentUrl\":\"https:\\\/\\\/www.jacques-prevot.fr\\\/blog\\\/wp-content\\\/uploads\\\/2019\\\/12\\\/cropped-cropped-logo-PREVOT-noir-et-blanc.png\",\"width\":879,\"height\":250,\"caption\":\"L'actualit\u00e9 du feu d'artifice\"},\"image\":{\"@id\":\"https:\\\/\\\/www.jacques-prevot.fr\\\/blog\\\/#\\\/schema\\\/logo\\\/image\\\/\"},\"sameAs\":[\"http:\\\/\\\/www.facebook.com\\\/pages\\\/SARL-Jacques-Prevot-Artifices\\\/450373535019880\",\"https:\\\/\\\/www.instagram.com\\\/jacques_prevot_artifices\\\/\",\"https:\\\/\\\/www.youtube.com\\\/@JPREVOTartifices\"]},{\"@type\":\"Person\",\"@id\":\"https:\\\/\\\/www.jacques-prevot.fr\\\/blog\\\/#\\\/schema\\\/person\\\/02a9762333c7069e0aaff9ce219be895\",\"name\":\"Jacques Prevot Artifices\",\"image\":{\"@type\":\"ImageObject\",\"inLanguage\":\"fr-FR\",\"@id\":\"https:\\\/\\\/secure.gravatar.com\\\/avatar\\\/0e0e20203ce85d1f516a982e48e434e80e62803f479ca72917ef3a8f68e19efd?s=96&d=mm&r=g\",\"url\":\"https:\\\/\\\/secure.gravatar.com\\\/avatar\\\/0e0e20203ce85d1f516a982e48e434e80e62803f479ca72917ef3a8f68e19efd?s=96&d=mm&r=g\",\"contentUrl\":\"https:\\\/\\\/secure.gravatar.com\\\/avatar\\\/0e0e20203ce85d1f516a982e48e434e80e62803f479ca72917ef3a8f68e19efd?s=96&d=mm&r=g\",\"caption\":\"Jacques Prevot Artifices\"},\"description\":\"JACQUES PREVOT ARTIFICES commercialise des feux d'artifices pour particuliers, collectivit\u00e9s, associations et professionnels des artifices de divertissements. Fort de 28 ann\u00e9es d'exp\u00e9rience, l'entreprise familiale dirig\u00e9 par le famille PREVOT est install\u00e9e en Haute Marne \u00e0 Sarrey. Jacques PREVOT Artifices est le premier site web de vente en ligne de feux d'artifices en France. Depuis 2012, l'entreprise est devenue organisme de formation et forme \u00e0 ce titre plus de 100 artificiers par an au certificat d'artificier F4T2. Diffusant sa marque partout en m\u00e9tropole, Jacques PREVOT Artifices ma\u00eetrise la cha\u00eene logistique complexe des artifices de divertissements : de leurs dessins \u00e0 Sarrey \u00e0 la fabrication en Chine, en passant par le stockage sur sites sp\u00e9cialis\u00e9s.\",\"sameAs\":[\"https:\\\/\\\/www.jacques-prevot.fr\\\/\",\"https:\\\/\\\/www.facebook.com\\\/JPREVOTartifices\",\"https:\\\/\\\/x.com\\\/PREVOTartifices\"]}]}<\/script>\n<!-- \/ Yoast SEO plugin. -->","yoast_head_json":{"title":"Un feu d\u2019artifice, \u00e7a pollue ? - L&#039;actualit\u00e9 du feu d&#039;artifice","description":"Un feu d\u2019artifice, \u00e7a pollue ? - Autour des feux d'artifice - C\u2019est une question de plus en plus fr\u00e9quente, et elle est l\u00e9gitime.Alors oui, un feu d\u2019artifice g\u00e9n\u00e8re des \u00e9missions de CO\u2082, mais dans des proportions ...","robots":{"index":"index","follow":"follow","max-snippet":"max-snippet:-1","max-image-preview":"max-image-preview:large","max-video-preview":"max-video-preview:-1"},"canonical":"https:\/\/www.jacques-prevot.fr\/blog\/un-feu-dartifice-ca-pollue\/","og_locale":"fr_FR","og_type":"article","og_title":"Un feu d\u2019artifice, \u00e7a pollue ? - L&#039;actualit\u00e9 du feu d&#039;artifice","og_description":"Un feu d\u2019artifice, \u00e7a pollue ? - Autour des feux d'artifice - C\u2019est une question de plus en plus fr\u00e9quente, et elle est l\u00e9gitime.Alors oui, un feu d\u2019artifice g\u00e9n\u00e8re des \u00e9missions de CO\u2082, mais dans des proportions ...","og_url":"https:\/\/www.jacques-prevot.fr\/blog\/un-feu-dartifice-ca-pollue\/","og_site_name":"L&#039;actualit\u00e9 du feu d&#039;artifice","article_publisher":"http:\/\/www.facebook.com\/pages\/SARL-Jacques-Prevot-Artifices\/450373535019880","article_author":"https:\/\/www.facebook.com\/JPREVOTartifices","article_published_time":"2026-01-12T10:39:52+00:00","article_modified_time":"2026-01-14T13:49:24+00:00","og_image":[{"width":1708,"height":591,"url":"https:\/\/www.jacques-prevot.fr\/blog\/wp-content\/uploads\/2026\/01\/Un-feu-dartifice-ca-pollue.webp","type":"image\/webp"}],"author":"Jacques Prevot Artifices","twitter_card":"summary_large_image","twitter_creator":"@PREVOTartifices","twitter_misc":{"\u00c9crit par":"Jacques Prevot Artifices","Dur\u00e9e de lecture estim\u00e9e":"3 minutes"},"schema":{"@context":"https:\/\/schema.org","@graph":[{"@type":"Article","@id":"https:\/\/www.jacques-prevot.fr\/blog\/un-feu-dartifice-ca-pollue\/#article","isPartOf":{"@id":"https:\/\/www.jacques-prevot.fr\/blog\/un-feu-dartifice-ca-pollue\/"},"author":{"name":"Jacques Prevot Artifices","@id":"https:\/\/www.jacques-prevot.fr\/blog\/#\/schema\/person\/02a9762333c7069e0aaff9ce219be895"},"headline":"Un feu d\u2019artifice, \u00e7a pollue ?","datePublished":"2026-01-12T10:39:52+00:00","dateModified":"2026-01-14T13:49:24+00:00","mainEntityOfPage":{"@id":"https:\/\/www.jacques-prevot.fr\/blog\/un-feu-dartifice-ca-pollue\/"},"wordCount":407,"commentCount":0,"publisher":{"@id":"https:\/\/www.jacques-prevot.fr\/blog\/#organization"},"image":{"@id":"https:\/\/www.jacques-prevot.fr\/blog\/un-feu-dartifice-ca-pollue\/#primaryimage"},"thumbnailUrl":"https:\/\/www.jacques-prevot.fr\/blog\/wp-content\/uploads\/2026\/01\/Un-feu-dartifice-ca-pollue.webp","keywords":["co2","feu d\u2019artifice \u00e9cologique","feu d&#039;artifice","impact environnemental","pollution"],"articleSection":["Autour des feux d'artifice"],"inLanguage":"fr-FR","potentialAction":[{"@type":"CommentAction","name":"Comment","target":["https:\/\/www.jacques-prevot.fr\/blog\/un-feu-dartifice-ca-pollue\/#respond"]}]},{"@type":"WebPage","@id":"https:\/\/www.jacques-prevot.fr\/blog\/un-feu-dartifice-ca-pollue\/","url":"https:\/\/www.jacques-prevot.fr\/blog\/un-feu-dartifice-ca-pollue\/","name":"Un feu d\u2019artifice, \u00e7a pollue ? - L&#039;actualit\u00e9 du feu d&#039;artifice","isPartOf":{"@id":"https:\/\/www.jacques-prevot.fr\/blog\/#website"},"primaryImageOfPage":{"@id":"https:\/\/www.jacques-prevot.fr\/blog\/un-feu-dartifice-ca-pollue\/#primaryimage"},"image":{"@id":"https:\/\/www.jacques-prevot.fr\/blog\/un-feu-dartifice-ca-pollue\/#primaryimage"},"thumbnailUrl":"https:\/\/www.jacques-prevot.fr\/blog\/wp-content\/uploads\/2026\/01\/Un-feu-dartifice-ca-pollue.webp","datePublished":"2026-01-12T10:39:52+00:00","dateModified":"2026-01-14T13:49:24+00:00","description":"Un feu d\u2019artifice, \u00e7a pollue ? - Autour des feux d'artifice - C\u2019est une question de plus en plus fr\u00e9quente, et elle est l\u00e9gitime.Alors oui, un feu d\u2019artifice g\u00e9n\u00e8re des \u00e9missions de CO\u2082, mais dans des proportions ...","breadcrumb":{"@id":"https:\/\/www.jacques-prevot.fr\/blog\/un-feu-dartifice-ca-pollue\/#breadcrumb"},"inLanguage":"fr-FR","potentialAction":[{"@type":"ReadAction","target":["https:\/\/www.jacques-prevot.fr\/blog\/un-feu-dartifice-ca-pollue\/"]}]},{"@type":"ImageObject","inLanguage":"fr-FR","@id":"https:\/\/www.jacques-prevot.fr\/blog\/un-feu-dartifice-ca-pollue\/#primaryimage","url":"https:\/\/www.jacques-prevot.fr\/blog\/wp-content\/uploads\/2026\/01\/Un-feu-dartifice-ca-pollue.webp","contentUrl":"https:\/\/www.jacques-prevot.fr\/blog\/wp-content\/uploads\/2026\/01\/Un-feu-dartifice-ca-pollue.webp","width":1708,"height":591,"caption":"Un feu d'artifice \u00e7a pollue"},{"@type":"BreadcrumbList","@id":"https:\/\/www.jacques-prevot.fr\/blog\/un-feu-dartifice-ca-pollue\/#breadcrumb","itemListElement":[{"@type":"ListItem","position":1,"name":"Accueil","item":"https:\/\/www.jacques-prevot.fr\/blog\/"},{"@type":"ListItem","position":2,"name":"Un feu d\u2019artifice, \u00e7a pollue ?"}]},{"@type":"WebSite","@id":"https:\/\/www.jacques-prevot.fr\/blog\/#website","url":"https:\/\/www.jacques-prevot.fr\/blog\/","name":"L'actualit\u00e9 du feu d'artifice","description":"Comprendre la pyrotechnie par Jacques PREVOT Artifices","publisher":{"@id":"https:\/\/www.jacques-prevot.fr\/blog\/#organization"},"potentialAction":[{"@type":"SearchAction","target":{"@type":"EntryPoint","urlTemplate":"https:\/\/www.jacques-prevot.fr\/blog\/?s={search_term_string}"},"query-input":{"@type":"PropertyValueSpecification","valueRequired":true,"valueName":"search_term_string"}}],"inLanguage":"fr-FR"},{"@type":"Organization","@id":"https:\/\/www.jacques-prevot.fr\/blog\/#organization","name":"L'actualit\u00e9 du feu d'artifice","url":"https:\/\/www.jacques-prevot.fr\/blog\/","logo":{"@type":"ImageObject","inLanguage":"fr-FR","@id":"https:\/\/www.jacques-prevot.fr\/blog\/#\/schema\/logo\/image\/","url":"https:\/\/www.jacques-prevot.fr\/blog\/wp-content\/uploads\/2019\/12\/cropped-cropped-logo-PREVOT-noir-et-blanc.png","contentUrl":"https:\/\/www.jacques-prevot.fr\/blog\/wp-content\/uploads\/2019\/12\/cropped-cropped-logo-PREVOT-noir-et-blanc.png","width":879,"height":250,"caption":"L'actualit\u00e9 du feu d'artifice"},"image":{"@id":"https:\/\/www.jacques-prevot.fr\/blog\/#\/schema\/logo\/image\/"},"sameAs":["http:\/\/www.facebook.com\/pages\/SARL-Jacques-Prevot-Artifices\/450373535019880","https:\/\/www.instagram.com\/jacques_prevot_artifices\/","https:\/\/www.youtube.com\/@JPREVOTartifices"]},{"@type":"Person","@id":"https:\/\/www.jacques-prevot.fr\/blog\/#\/schema\/person\/02a9762333c7069e0aaff9ce219be895","name":"Jacques Prevot Artifices","image":{"@type":"ImageObject","inLanguage":"fr-FR","@id":"https:\/\/secure.gravatar.com\/avatar\/0e0e20203ce85d1f516a982e48e434e80e62803f479ca72917ef3a8f68e19efd?s=96&d=mm&r=g","url":"https:\/\/secure.gravatar.com\/avatar\/0e0e20203ce85d1f516a982e48e434e80e62803f479ca72917ef3a8f68e19efd?s=96&d=mm&r=g","contentUrl":"https:\/\/secure.gravatar.com\/avatar\/0e0e20203ce85d1f516a982e48e434e80e62803f479ca72917ef3a8f68e19efd?s=96&d=mm&r=g","caption":"Jacques Prevot Artifices"},"description":"JACQUES PREVOT ARTIFICES commercialise des feux d'artifices pour particuliers, collectivit\u00e9s, associations et professionnels des artifices de divertissements. Fort de 28 ann\u00e9es d'exp\u00e9rience, l'entreprise familiale dirig\u00e9 par le famille PREVOT est install\u00e9e en Haute Marne \u00e0 Sarrey. Jacques PREVOT Artifices est le premier site web de vente en ligne de feux d'artifices en France. Depuis 2012, l'entreprise est devenue organisme de formation et forme \u00e0 ce titre plus de 100 artificiers par an au certificat d'artificier F4T2. Diffusant sa marque partout en m\u00e9tropole, Jacques PREVOT Artifices ma\u00eetrise la cha\u00eene logistique complexe des artifices de divertissements : de leurs dessins \u00e0 Sarrey \u00e0 la fabrication en Chine, en passant par le stockage sur sites sp\u00e9cialis\u00e9s.","sameAs":["https:\/\/www.jacques-prevot.fr\/","https:\/\/www.facebook.com\/JPREVOTartifices","https:\/\/x.com\/PREVOTartifices"]}]}},"_links":{"self":[{"href":"https:\/\/www.jacques-prevot.fr\/blog\/wp-json\/wp\/v2\/posts\/376","targetHints":{"allow":["GET"]}}],"collection":[{"href":"https:\/\/www.jacques-prevot.fr\/blog\/wp-json\/wp\/v2\/posts"}],"about":[{"href":"https:\/\/www.jacques-prevot.fr\/blog\/wp-json\/wp\/v2\/types\/post"}],"author":[{"embeddable":true,"href":"https:\/\/www.jacques-prevot.fr\/blog\/wp-json\/wp\/v2\/users\/1"}],"replies":[{"embeddable":true,"href":"https:\/\/www.jacques-prevot.fr\/blog\/wp-json\/wp\/v2\/comments?post=376"}],"version-history":[{"count":4,"href":"https:\/\/www.jacques-prevot.fr\/blog\/wp-json\/wp\/v2\/posts\/376\/revisions"}],"predecessor-version":[{"id":461,"href":"https:\/\/www.jacques-prevot.fr\/blog\/wp-json\/wp\/v2\/posts\/376\/revisions\/461"}],"wp:featuredmedia":[{"embeddable":true,"href":"https:\/\/www.jacques-prevot.fr\/blog\/wp-json\/wp\/v2\/media\/453"}],"wp:attachment":[{"href":"https:\/\/www.jacques-prevot.fr\/blog\/wp-json\/wp\/v2\/media?parent=376"}],"wp:term":[{"taxonomy":"category","embeddable":true,"href":"https:\/\/www.jacques-prevot.fr\/blog\/wp-json\/wp\/v2\/categories?post=376"},{"taxonomy":"post_tag","embeddable":true,"href":"https:\/\/www.jacques-prevot.fr\/blog\/wp-json\/wp\/v2\/tags?post=376"}],"curies":[{"name":"wp","href":"https:\/\/api.w.org\/{rel}","templated":true}]}}